{"id":4595,"date":"2015-03-17T15:20:51","date_gmt":"2015-03-17T15:20:51","guid":{"rendered":""},"modified":"2015-03-17T15:20:51","modified_gmt":"2015-03-17T15:20:51","slug":"planean-pedir-certificado-medico-a-modelos-para-combatir-anorexia","status":"publish","type":"post","link":"https:\/\/sertv.gob.pa\/nacionalfm\/planean-pedir-certificado-medico-a-modelos-para-combatir-anorexia\/","title":{"rendered":"Planean pedir certificado m\u00e9dico a  modelos para combatir anorexia"},"content":{"rendered":"<p>\nLa ministra francesa de Sanidad, Marisol Touraine, manifest\u00f3 que apoyar\u00e1 las enmiendas de un diputado que pretende imponer a las modelos la obligaci\u00f3n de un certificado m\u00e9dico, para evitar que los modistos empleen a mujeres de una extrema delgadez que pueda incitar a la anorexia. <\/p>\n<p>\u00abIndicar que cuando se es maniqu\u00ed hay que alimentarse y cuidar la salud es un mensaje importante hacia las chicas j\u00f3venes\u00bb, indic\u00f3 Touraine en una entrevista radiotelevisada por  RMC  y  BFM TV . <\/p>\n<p>Por eso, consider\u00f3 \u00abbuena\u00bb la iniciativa del diputado socialista Olivier V\u00e9ran (m\u00e9dico especialista en neurolog\u00eda), que este 16 de marzo formaliz\u00f3 dos enmiendas a una ley sobre la salud (que lleva el nombre de la ministra) con dos disposiciones para combatir la anorexia. <\/p>\n<p>La primera, seg\u00fan precis\u00f3 V\u00e9ran en una entrevista publicada por  Le Parisien , pretende \u00abprohibir que se recurra a j\u00f3venes de una delgadez extrema con un peso que las ponga en peligro\u00bb. <\/p>\n<p>Para evitarlo, tendr\u00e1n que presentar un certificado m\u00e9dico antes de ser contratadas y otro unas semanas despu\u00e9s. <\/p>\n<p>Si las agencias para las que trabajan no respetan esa norma sus responsables podr\u00e1n ser condenados a penas de c\u00e1rcel de hasta seis meses, y multas de hasta 75\u00a0mil\u00a0euros (unos 78 mil d\u00f3lares). <\/p>\n<p>El diputado deja en manos de la Alta Autoridad de la Sanidad establecer el baremo de la delgadez autorizada, pero se\u00f1al\u00f3 que se considera excesiva cuando no se llega a un \u00edndice de masa corporal de 18.5.\u00a0Agreg\u00f3 que para la  Organizaci\u00f3n Mundial   de la Salud , por debajo de un \u00edndice de masa corporal de 17 hay desnutrici\u00f3n severa, y por debajo de 16 se habla de situaci\u00f3n de hambruna. <\/p>\n<p>V\u00e9ran insisti\u00f3 en que en Francia hay entre 30\u00a0mil\u00a0y 40\u00a0mil\u00a0personas con anorexia, \u00abmayoritariamente adolescentes\u00bb, y que diversos estudios han puesto en evidencia el impacto que tiene la moda sobre ellas. <\/p>\n<p>\u00a0 <\/p>\n","protected":false},"excerpt":{"rendered":"<p>La ministra francesa de Sanidad, Marisol Touraine, manifest\u00f3 que apoyar\u00e1 <a href=\"https:\/\/sertv.gob.pa\/nacionalfm\/planean-pedir-certificado-medico-a-modelos-para-combatir-anorexia\/\"> [&#8230;]<\/a><\/p>\n","protected":false},"author":1,"featured_media":4596,"comment_status":"closed","ping_status":"closed","sticky":false,"template":"","format":"standard","meta":{"footnotes":""},"categories":[5],"tags":[],"class_list":["post-4595","post","type-post","status-publish","format-standard","has-post-thumbnail","hentry","category-salud"],"_links":{"self":[{"href":"https:\/\/sertv.gob.pa\/nacionalfm\/wp-json\/wp\/v2\/posts\/4595","targetHints":{"allow":["GET"]}}],"collection":[{"href":"https:\/\/sertv.gob.pa\/nacionalfm\/wp-json\/wp\/v2\/posts"}],"about":[{"href":"https:\/\/sertv.gob.pa\/nacionalfm\/wp-json\/wp\/v2\/types\/post"}],"author":[{"embeddable":true,"href":"https:\/\/sertv.gob.pa\/nacionalfm\/wp-json\/wp\/v2\/users\/1"}],"replies":[{"embeddable":true,"href":"https:\/\/sertv.gob.pa\/nacionalfm\/wp-json\/wp\/v2\/comments?post=4595"}],"version-history":[{"count":0,"href":"https:\/\/sertv.gob.pa\/nacionalfm\/wp-json\/wp\/v2\/posts\/4595\/revisions"}],"wp:featuredmedia":[{"embeddable":true,"href":"https:\/\/sertv.gob.pa\/nacionalfm\/wp-json\/wp\/v2\/media\/4596"}],"wp:attachment":[{"href":"https:\/\/sertv.gob.pa\/nacionalfm\/wp-json\/wp\/v2\/media?parent=4595"}],"wp:term":[{"taxonomy":"category","embeddable":true,"href":"https:\/\/sertv.gob.pa\/nacionalfm\/wp-json\/wp\/v2\/categories?post=4595"},{"taxonomy":"post_tag","embeddable":true,"href":"https:\/\/sertv.gob.pa\/nacionalfm\/wp-json\/wp\/v2\/tags?post=4595"}],"curies":[{"name":"wp","href":"https:\/\/api.w.org\/{rel}","templated":true}]}}