{"id":46017,"date":"2019-11-04T12:56:52","date_gmt":"2019-11-04T12:56:52","guid":{"rendered":"https:\/\/sertv.gob.pa\/nacionalfm\/?p=46017"},"modified":"2019-11-04T12:56:52","modified_gmt":"2019-11-04T12:56:52","slug":"panama-sigue-de-fiesta-y-rinde-honor-al-dia-de-los-simbolos-patrios","status":"publish","type":"post","link":"https:\/\/sertv.gob.pa\/nacionalfm\/panama-sigue-de-fiesta-y-rinde-honor-al-dia-de-los-simbolos-patrios\/","title":{"rendered":"Panam\u00e1, sigue de fiesta y rinde honor al \u201cD\u00eda de los S\u00edmbolos Patrios\u201d"},"content":{"rendered":"<p>El pueblo paname\u00f1o contin\u00faa la fiesta patri\u00f3tica, es por ello que este lunes, 4 de noviembre de 2019, rinde honores, al que se denominada como: \u201cD\u00eda de los S\u00edmbolos Patrios\u201d. No cabe duda que estos, representan para cada pa\u00eds, algo que muestra la cultura, la historia, la representatividad de una naci\u00f3n, y por ello suelen ser trascendentales.<\/p>\n<p>No hay que olvidar, que anteriormente en esta fecha, se realzaba solo a la Bandera Nacional, no obstante, mediante la <strong>Ley 34 de 1949,<\/strong> Panam\u00e1, adopt\u00f3 como S\u00edmbolos de la Naci\u00f3n:<\/p>\n<p><strong>La Bandera Nacional:<\/strong>\u00a0dividida en cuatro cuarteles, su bello tricolor (azul, rojo y blanco), suele representar a este pa\u00eds, alrededor del mundo. La misma, fue dise\u00f1ada por Manuel E. Amador, mientras que la primera bandera de Panam\u00e1, fue confeccionada por Mar\u00eda Ossa de Amador. En sus cuadrantes estaban representados el partido Conservador, con el color azul; el Liberal, con el color rojo; mientras que el blanco, representa la paz y la unidad que debe reinar en la naci\u00f3n. La estrella azul, simboliza la pureza y la honestidad que debe normar la vida c\u00edvica de la patria, y la estrella roja, la autoridad y la ley.<\/p>\n<p><strong>Escudo Nacional:<\/strong>\u00a0surgido de la originalidad, creatividad y precisi\u00f3n de Don Nicanor Villalaz, cuyo dise\u00f1o enmarca cada suceso de nuestra historia, desde la separaci\u00f3n de Panam\u00e1 de Colombia aquel atardecer de 1903, as\u00ed como la riqueza, el progreso, la naturaleza y lucha que protagonizaron cientos de paname\u00f1os en aquella \u00e9poca.<\/p>\n<p><strong>Himno Nacional:<\/strong>\u00a0su melod\u00eda y letra expresa los sentimientos, ideales y esperanzas de todos los paname\u00f1os. El autor de la m\u00fasica del Himno es Don Santos Jorge, y su letra de Don Jer\u00f3nimo Ossa.<\/p>\n<p>Como se lleva a cabo anualmente, para esta fecha cientos de estudiantes y delegaciones de todo el territorio nacional, realizan desfiles c\u00edvicos en los que interpretan alegres tonadas, que desbordan el fervor patri\u00f3tico, como una forma de manifestar su respeto a la historia, a la soberan\u00eda y a los S\u00edmbolos Patrios, que destacan a Panam\u00e1, la cual es cuna de la Ruta Interoce\u00e1nica.<\/p>\n<p>&nbsp;<\/p>\n<p>&nbsp;<\/p>\n","protected":false},"excerpt":{"rendered":"<p>El pueblo paname\u00f1o contin\u00faa la fiesta patri\u00f3tica, es por ello <a href=\"https:\/\/sertv.gob.pa\/nacionalfm\/panama-sigue-de-fiesta-y-rinde-honor-al-dia-de-los-simbolos-patrios\/\"> [&#8230;]<\/a><\/p>\n","protected":false},"author":9,"featured_media":46018,"comment_status":"closed","ping_status":"closed","sticky":false,"template":"","format":"standard","meta":{"footnotes":""},"categories":[2],"tags":[],"class_list":["post-46017","post","type-post","status-publish","format-standard","has-post-thumbnail","hentry","category-nacionales"],"_links":{"self":[{"href":"https:\/\/sertv.gob.pa\/nacionalfm\/wp-json\/wp\/v2\/posts\/46017","targetHints":{"allow":["GET"]}}],"collection":[{"href":"https:\/\/sertv.gob.pa\/nacionalfm\/wp-json\/wp\/v2\/posts"}],"about":[{"href":"https:\/\/sertv.gob.pa\/nacionalfm\/wp-json\/wp\/v2\/types\/post"}],"author":[{"embeddable":true,"href":"https:\/\/sertv.gob.pa\/nacionalfm\/wp-json\/wp\/v2\/users\/9"}],"replies":[{"embeddable":true,"href":"https:\/\/sertv.gob.pa\/nacionalfm\/wp-json\/wp\/v2\/comments?post=46017"}],"version-history":[{"count":1,"href":"https:\/\/sertv.gob.pa\/nacionalfm\/wp-json\/wp\/v2\/posts\/46017\/revisions"}],"predecessor-version":[{"id":46019,"href":"https:\/\/sertv.gob.pa\/nacionalfm\/wp-json\/wp\/v2\/posts\/46017\/revisions\/46019"}],"wp:featuredmedia":[{"embeddable":true,"href":"https:\/\/sertv.gob.pa\/nacionalfm\/wp-json\/wp\/v2\/media\/46018"}],"wp:attachment":[{"href":"https:\/\/sertv.gob.pa\/nacionalfm\/wp-json\/wp\/v2\/media?parent=46017"}],"wp:term":[{"taxonomy":"category","embeddable":true,"href":"https:\/\/sertv.gob.pa\/nacionalfm\/wp-json\/wp\/v2\/categories?post=46017"},{"taxonomy":"post_tag","embeddable":true,"href":"https:\/\/sertv.gob.pa\/nacionalfm\/wp-json\/wp\/v2\/tags?post=46017"}],"curies":[{"name":"wp","href":"https:\/\/api.w.org\/{rel}","templated":true}]}}