{"id":4605,"date":"2015-03-17T19:47:40","date_gmt":"2015-03-17T19:47:40","guid":{"rendered":""},"modified":"2015-03-17T19:47:40","modified_gmt":"2015-03-17T19:47:40","slug":"3-casos-confirmados-de-tuberculosis-en-la-carcel-de-mujeres","status":"publish","type":"post","link":"https:\/\/sertv.gob.pa\/nacionalfm\/3-casos-confirmados-de-tuberculosis-en-la-carcel-de-mujeres\/","title":{"rendered":"3 casos confirmados de tuberculosis en la c\u00e1rcel de mujeres"},"content":{"rendered":"<p>\nTres casos de tuberculosis en la c\u00e1rcel de mujeres han sido confirmados por el Ministerio de Salud (Minsa). Las pacientes actualmente est\u00e1n bajo tratamiento. <\/p>\n<p>Aurelio Rangel, director de la regi\u00f3n metropolitana del Ministerio de Salud (Minsa), dio a conocer que el 19 de diciembre del 2014 se registr\u00f3 el primer caso de tuberculosis en la c\u00e1rcel de mujeres, en febrero el segundo y hace una semana el tercer caso. <\/p>\n<p>Rangel expres\u00f3 que el Minsa ya hizo los controles de muestras al 3% de la poblaci\u00f3n en la c\u00e1rcel de mujeres; adem\u00e1s se cuenta con m\u00e9dicos que brindan atenci\u00f3n todos los d\u00edas. <\/p>\n<p>A\u00f1adi\u00f3 que se han aplicado las medidas de control en la c\u00e1rcel de mujeres y se continuar\u00e1 con las investigaciones. Igualmente hay charlas para los familiares y reclusas. <\/p>\n<p>\u00a0 <\/p>\n","protected":false},"excerpt":{"rendered":"<p>Tres casos de tuberculosis en la c\u00e1rcel de mujeres han <a href=\"https:\/\/sertv.gob.pa\/nacionalfm\/3-casos-confirmados-de-tuberculosis-en-la-carcel-de-mujeres\/\"> [&#8230;]<\/a><\/p>\n","protected":false},"author":1,"featured_media":4606,"comment_status":"closed","ping_status":"closed","sticky":false,"template":"","format":"standard","meta":{"footnotes":""},"categories":[5],"tags":[],"class_list":["post-4605","post","type-post","status-publish","format-standard","has-post-thumbnail","hentry","category-salud"],"_links":{"self":[{"href":"https:\/\/sertv.gob.pa\/nacionalfm\/wp-json\/wp\/v2\/posts\/4605","targetHints":{"allow":["GET"]}}],"collection":[{"href":"https:\/\/sertv.gob.pa\/nacionalfm\/wp-json\/wp\/v2\/posts"}],"about":[{"href":"https:\/\/sertv.gob.pa\/nacionalfm\/wp-json\/wp\/v2\/types\/post"}],"author":[{"embeddable":true,"href":"https:\/\/sertv.gob.pa\/nacionalfm\/wp-json\/wp\/v2\/users\/1"}],"replies":[{"embeddable":true,"href":"https:\/\/sertv.gob.pa\/nacionalfm\/wp-json\/wp\/v2\/comments?post=4605"}],"version-history":[{"count":0,"href":"https:\/\/sertv.gob.pa\/nacionalfm\/wp-json\/wp\/v2\/posts\/4605\/revisions"}],"wp:featuredmedia":[{"embeddable":true,"href":"https:\/\/sertv.gob.pa\/nacionalfm\/wp-json\/wp\/v2\/media\/4606"}],"wp:attachment":[{"href":"https:\/\/sertv.gob.pa\/nacionalfm\/wp-json\/wp\/v2\/media?parent=4605"}],"wp:term":[{"taxonomy":"category","embeddable":true,"href":"https:\/\/sertv.gob.pa\/nacionalfm\/wp-json\/wp\/v2\/categories?post=4605"},{"taxonomy":"post_tag","embeddable":true,"href":"https:\/\/sertv.gob.pa\/nacionalfm\/wp-json\/wp\/v2\/tags?post=4605"}],"curies":[{"name":"wp","href":"https:\/\/api.w.org\/{rel}","templated":true}]}}