{"id":4613,"date":"2015-03-18T15:26:21","date_gmt":"2015-03-18T15:26:21","guid":{"rendered":""},"modified":"2015-03-18T15:26:21","modified_gmt":"2015-03-18T15:26:21","slug":"en-europa-la-tuberculosis-continua-en-descenso-segun-oms","status":"publish","type":"post","link":"https:\/\/sertv.gob.pa\/nacionalfm\/en-europa-la-tuberculosis-continua-en-descenso-segun-oms\/","title":{"rendered":"En Europa la tuberculosis contin\u00faa en descenso, seg\u00fan OMS"},"content":{"rendered":"<p>\nEl n\u00famero de casos de tuberculosis en Europa sigue cayendo, con un descenso del 6% en 2013 hasta 360 mil\u00a0casos, manifestaron funcionarios sanitarios. <\/p>\n<p>Zsuzsanna Jakab, responsable de la oficina de la Organizaci\u00f3n Mundial de la Salud (OMS) para Europa, con sede en Copenhague, expres\u00f3 que la regi\u00f3n es, no obstante, la m\u00e1s afectada del mundo por la enfermedad. <\/p>\n<p>Los casos de tuberculosis han registrado un \u00abdescenso sostenido\u00bb en la \u00faltima d\u00e9cada en la regi\u00f3n, que agrupa a 53 miembros, unos 900 millones de personas y terrenos de Groenlandia en occidente y de la costa rusa del Pac\u00edfica, dijo Jakab. <\/p>\n<p>Los \u00faltimos datos, presentados el martes por OMS Europa y el Centro Europeo para la Prevenci\u00f3n y Control de Enfermedades, indican que aproximadamente mil personas contraen diariamente la enfermedad en la regi\u00f3n. <\/p>\n<p>Entre los pa\u00edses con m\u00e1s incidencias est\u00e1n las ex rep\u00fablicas sovi\u00e9ticas. <\/p>\n<p>\u00a0 <\/p>\n","protected":false},"excerpt":{"rendered":"<p>El n\u00famero de casos de tuberculosis en Europa sigue cayendo, <a href=\"https:\/\/sertv.gob.pa\/nacionalfm\/en-europa-la-tuberculosis-continua-en-descenso-segun-oms\/\"> [&#8230;]<\/a><\/p>\n","protected":false},"author":1,"featured_media":4614,"comment_status":"closed","ping_status":"closed","sticky":false,"template":"","format":"standard","meta":{"footnotes":""},"categories":[5],"tags":[],"class_list":["post-4613","post","type-post","status-publish","format-standard","has-post-thumbnail","hentry","category-salud"],"_links":{"self":[{"href":"https:\/\/sertv.gob.pa\/nacionalfm\/wp-json\/wp\/v2\/posts\/4613","targetHints":{"allow":["GET"]}}],"collection":[{"href":"https:\/\/sertv.gob.pa\/nacionalfm\/wp-json\/wp\/v2\/posts"}],"about":[{"href":"https:\/\/sertv.gob.pa\/nacionalfm\/wp-json\/wp\/v2\/types\/post"}],"author":[{"embeddable":true,"href":"https:\/\/sertv.gob.pa\/nacionalfm\/wp-json\/wp\/v2\/users\/1"}],"replies":[{"embeddable":true,"href":"https:\/\/sertv.gob.pa\/nacionalfm\/wp-json\/wp\/v2\/comments?post=4613"}],"version-history":[{"count":0,"href":"https:\/\/sertv.gob.pa\/nacionalfm\/wp-json\/wp\/v2\/posts\/4613\/revisions"}],"wp:featuredmedia":[{"embeddable":true,"href":"https:\/\/sertv.gob.pa\/nacionalfm\/wp-json\/wp\/v2\/media\/4614"}],"wp:attachment":[{"href":"https:\/\/sertv.gob.pa\/nacionalfm\/wp-json\/wp\/v2\/media?parent=4613"}],"wp:term":[{"taxonomy":"category","embeddable":true,"href":"https:\/\/sertv.gob.pa\/nacionalfm\/wp-json\/wp\/v2\/categories?post=4613"},{"taxonomy":"post_tag","embeddable":true,"href":"https:\/\/sertv.gob.pa\/nacionalfm\/wp-json\/wp\/v2\/tags?post=4613"}],"curies":[{"name":"wp","href":"https:\/\/api.w.org\/{rel}","templated":true}]}}