{"id":4621,"date":"2015-03-18T15:46:22","date_gmt":"2015-03-18T15:46:22","guid":{"rendered":""},"modified":"2015-03-18T15:46:22","modified_gmt":"2015-03-18T15:46:22","slug":"el-glaucoma-y-su-diagnostico","status":"publish","type":"post","link":"https:\/\/sertv.gob.pa\/nacionalfm\/el-glaucoma-y-su-diagnostico\/","title":{"rendered":"El glaucoma y su diagn\u00f3stico"},"content":{"rendered":"<p>\nM\u00e1s de 60 millones de personas padecen una enfermedad conocida como glaucoma, que de no cuidarse y tratarse a tiempo, puede dejar ciego a quien la sufre. Pero, \u00bfcu\u00e1les son sus causas, s\u00edntomas, factores de riesgo y tratamientos? Y m\u00e1s importante, \u00bfc\u00f3mo podemos prevenir el peor de los desenlaces? <\/p>\n<p>Seg\u00fan el doctor Rocco Melillo, el glaucoma es la &lsquo;causa n\u00famero uno de ceguera irreversible&rsquo;. Se sabe que la enfermedad es producto de los cambios de presi\u00f3n en los \u00f3rganos oculares (los ojos). &lsquo;La enfermedad es producto de los cambios que se van a efectuar en el nervio \u00f3pticos. Al da\u00f1arse este nervio, se produce la perdida de la visi\u00f3n&rsquo;. <\/p>\n<p>En cuanto a sus tipos, est\u00e1 el de nacimiento o cong\u00e9nito, el cual es el menos frecuente. Los m\u00e1s comunes son &lsquo;el glaucoma de \u00e1ngulo abierto cr\u00f3nico, que no produce ning\u00fan s\u00edntoma. Y luego est\u00e1 el de \u00e1ngulo cerrado, el cual produce dolores severos (zona afectada)&rsquo;, explica Melillo. A su vez puede haber combinaciones de m\u00e1s de uno de los tipos. <\/p>\n<p>Para poder cuantificar el grado de glaucoma que tiene una persona, se efect\u00faa un an\u00e1lisis de la zona atrofiada y de acuerdo al mismo se decide qu\u00e9 tratamiento se le puede brindar. <\/p>\n<p>Inicialmente se empieza con unas gotas especiales para los ojos, si esto no funciona se emplean l\u00e1seres y en \u00faltimo caso se recurre a la cirug\u00eda. <\/p>\n<p>&lsquo;Lo \u00fanico que se conoce para evitar que el glaucoma siga su avance es tener la presi\u00f3n del ojo lo m\u00e1s baja posible&rsquo;, explica el m\u00e9dico. <\/p>\n<p>\u00bfC\u00f3mo se diagnostica? &lsquo;La mejor manera es examinarse con un oftalm\u00f3logo, pues se confunde usualmente con el optometrista que no ha estudiado medicina y no sabe diagnosticar el glaucoma. El que lo diagnostica es qui\u00e9n se especializ\u00f3 en cirug\u00eda oftalmol\u00f3gica &lsquo;, indica Melillo. <\/p>\n<p>Entre los factores de riesgo, est\u00e1 la herencia, ya que es una enfermedad hereditaria. Si hay alguien en la familia que lo padece, es necesario realizarse el examen. Otro factor es la diabetes y tercero, ser de la etnia afroamericana. No obstante, zonas como la de Azuero en la que predominan otras etnias, el doctor Melillo se\u00f1ala que igualmente hay glaucoma presente, pero asegura que se halla con mayor presencia entre la poblaci\u00f3n afroamericana. <\/p>\n<p>\u00a0 <\/p>\n","protected":false},"excerpt":{"rendered":"<p>M\u00e1s de 60 millones de personas padecen una enfermedad conocida <a href=\"https:\/\/sertv.gob.pa\/nacionalfm\/el-glaucoma-y-su-diagnostico\/\"> [&#8230;]<\/a><\/p>\n","protected":false},"author":1,"featured_media":4622,"comment_status":"closed","ping_status":"closed","sticky":false,"template":"","format":"standard","meta":{"footnotes":""},"categories":[5],"tags":[],"class_list":["post-4621","post","type-post","status-publish","format-standard","has-post-thumbnail","hentry","category-salud"],"_links":{"self":[{"href":"https:\/\/sertv.gob.pa\/nacionalfm\/wp-json\/wp\/v2\/posts\/4621","targetHints":{"allow":["GET"]}}],"collection":[{"href":"https:\/\/sertv.gob.pa\/nacionalfm\/wp-json\/wp\/v2\/posts"}],"about":[{"href":"https:\/\/sertv.gob.pa\/nacionalfm\/wp-json\/wp\/v2\/types\/post"}],"author":[{"embeddable":true,"href":"https:\/\/sertv.gob.pa\/nacionalfm\/wp-json\/wp\/v2\/users\/1"}],"replies":[{"embeddable":true,"href":"https:\/\/sertv.gob.pa\/nacionalfm\/wp-json\/wp\/v2\/comments?post=4621"}],"version-history":[{"count":0,"href":"https:\/\/sertv.gob.pa\/nacionalfm\/wp-json\/wp\/v2\/posts\/4621\/revisions"}],"wp:featuredmedia":[{"embeddable":true,"href":"https:\/\/sertv.gob.pa\/nacionalfm\/wp-json\/wp\/v2\/media\/4622"}],"wp:attachment":[{"href":"https:\/\/sertv.gob.pa\/nacionalfm\/wp-json\/wp\/v2\/media?parent=4621"}],"wp:term":[{"taxonomy":"category","embeddable":true,"href":"https:\/\/sertv.gob.pa\/nacionalfm\/wp-json\/wp\/v2\/categories?post=4621"},{"taxonomy":"post_tag","embeddable":true,"href":"https:\/\/sertv.gob.pa\/nacionalfm\/wp-json\/wp\/v2\/tags?post=4621"}],"curies":[{"name":"wp","href":"https:\/\/api.w.org\/{rel}","templated":true}]}}