{"id":4637,"date":"2015-03-19T15:30:21","date_gmt":"2015-03-19T15:30:21","guid":{"rendered":""},"modified":"2015-03-19T15:30:21","modified_gmt":"2015-03-19T15:30:21","slug":"francia-estudia-prohibir-protesis-mamarias-por-cancer-asociado","status":"publish","type":"post","link":"https:\/\/sertv.gob.pa\/nacionalfm\/francia-estudia-prohibir-protesis-mamarias-por-cancer-asociado\/","title":{"rendered":"Francia estudia prohibir pr\u00f3tesis mamarias por c\u00e1ncer asociado"},"content":{"rendered":"<p>\nLas autoridades sanitarias francesas han lanzado una advertencia sobre las  pr\u00f3tesis mamarias  ante la aparici\u00f3n de casos de un c\u00e1ncer particular en mujeres con esos implantes, y estudiar\u00e1n en los pr\u00f3ximos d\u00edas medidas que pueden llegar hasta su prohibici\u00f3n. <\/p>\n<p>El diario \u00abLe Parisien\u00bb revel\u00f3 que la Agencia Nacional de Seguridad del Medicamento (ANSM)\u00a0va a organizar una reuni\u00f3n de expertos en diez d\u00edas sobre la cuesti\u00f3n para determinar si hay que ir m\u00e1s lejos en la reglamentaci\u00f3n. <\/p>\n<p>\u00abSi tenemos que llegar a prohibirlas, lo haremos\u00bb, avanz\u00f3 el director general adjunto de la ANSM, Franois H\u00e9bert, que en una entrevista explic\u00f3 que en los \u00faltimos tres a\u00f1os se han detectado 18 casos de linfoma anapl\u00e1sico de c\u00e9lulas grandes (LACG) en mujeres con implantes. <\/p>\n<p>En el mundo se tiene constancia de 173 casos, y H\u00e9bert hizo notar que estos c\u00e1nceres (una de las pacientes en Francia ha fallecido) \u00abparecen asociados a las pr\u00f3tesis mamarias\u00bb, y que no se han declarado entre mujeres que no los llevan. <\/p>\n<p>Aunque se trata de un riesgo aparentemente reducido, teniendo en cuenta que en Francia 400.000 mujeres llevan esos implantes, los responsables sanitarios han decidido en un primer momento obligar a que los m\u00e9dicos adviertan a las mujeres que se quieran operar de ese nuevo riesgo, en espera del dictamen de los expertos de la ANSM. <\/p>\n<p>La ministra de Sanidad, Marisol Touraine, quiso evitar temores infundados y, en una conferencia de prensa convocada para abordar esta cuesti\u00f3n, insisti\u00f3 en que \u00ablas mujeres no deben ceder a una inquietud excesiva\u00bb teniendo en cuenta el reducido n\u00famero de linfomas conocido. <\/p>\n<p>\u00a0 <\/p>\n","protected":false},"excerpt":{"rendered":"<p>Las autoridades sanitarias francesas han lanzado una advertencia sobre las <a href=\"https:\/\/sertv.gob.pa\/nacionalfm\/francia-estudia-prohibir-protesis-mamarias-por-cancer-asociado\/\"> [&#8230;]<\/a><\/p>\n","protected":false},"author":1,"featured_media":4638,"comment_status":"closed","ping_status":"closed","sticky":false,"template":"","format":"standard","meta":{"footnotes":""},"categories":[5],"tags":[],"class_list":["post-4637","post","type-post","status-publish","format-standard","has-post-thumbnail","hentry","category-salud"],"_links":{"self":[{"href":"https:\/\/sertv.gob.pa\/nacionalfm\/wp-json\/wp\/v2\/posts\/4637","targetHints":{"allow":["GET"]}}],"collection":[{"href":"https:\/\/sertv.gob.pa\/nacionalfm\/wp-json\/wp\/v2\/posts"}],"about":[{"href":"https:\/\/sertv.gob.pa\/nacionalfm\/wp-json\/wp\/v2\/types\/post"}],"author":[{"embeddable":true,"href":"https:\/\/sertv.gob.pa\/nacionalfm\/wp-json\/wp\/v2\/users\/1"}],"replies":[{"embeddable":true,"href":"https:\/\/sertv.gob.pa\/nacionalfm\/wp-json\/wp\/v2\/comments?post=4637"}],"version-history":[{"count":0,"href":"https:\/\/sertv.gob.pa\/nacionalfm\/wp-json\/wp\/v2\/posts\/4637\/revisions"}],"wp:featuredmedia":[{"embeddable":true,"href":"https:\/\/sertv.gob.pa\/nacionalfm\/wp-json\/wp\/v2\/media\/4638"}],"wp:attachment":[{"href":"https:\/\/sertv.gob.pa\/nacionalfm\/wp-json\/wp\/v2\/media?parent=4637"}],"wp:term":[{"taxonomy":"category","embeddable":true,"href":"https:\/\/sertv.gob.pa\/nacionalfm\/wp-json\/wp\/v2\/categories?post=4637"},{"taxonomy":"post_tag","embeddable":true,"href":"https:\/\/sertv.gob.pa\/nacionalfm\/wp-json\/wp\/v2\/tags?post=4637"}],"curies":[{"name":"wp","href":"https:\/\/api.w.org\/{rel}","templated":true}]}}