{"id":4641,"date":"2015-03-19T15:36:49","date_gmt":"2015-03-19T15:36:49","guid":{"rendered":""},"modified":"2015-03-19T15:36:49","modified_gmt":"2015-03-19T15:36:49","slug":"en-francia-autorizan-sedacion-para-pacientes-terminales","status":"publish","type":"post","link":"https:\/\/sertv.gob.pa\/nacionalfm\/en-francia-autorizan-sedacion-para-pacientes-terminales\/","title":{"rendered":"En Francia autorizan sedaci\u00f3n para pacientes terminales"},"content":{"rendered":"<p>\nLa Asamblea Nacional de Francia aprob\u00f3 una ley para que los pacientes terminales puedan recibir una sedaci\u00f3n &ldquo;profunda y continua&rdquo;. \u00a0 <\/p>\n<p>La ley, que reaviv\u00f3 el pol\u00e9mico debate sobre la eutanasia, fue aprobada por 436 votos a favor y 34 en contra en la Asamblea Nacional. \u00a0 <\/p>\n<p>El proyecto, que ahora debe ser analizado por el Senado igualmente permitir\u00e1 personas que no desean ser mantenidas con vida artificialmente, que dejen estipulada su decisi\u00f3n en un testamento. \u00a0 <\/p>\n<p>La posibilidad de &ldquo;dormir antes de morir, para no sufrir&rdquo;, seg\u00fan la expresi\u00f3n del diputado conservador Jean Leonetti, se reservar\u00e1 a los pacientes con una &ldquo;afecci\u00f3n grave e incurable&rdquo; y en las situaciones previstas por la ley. \u00a0 <\/p>\n<p>Leonetti, m\u00e9dico de profesi\u00f3n, es uno de los autores del proyecto de ley junto con el diputado socialista Alain Claeys. \u00a0 <\/p>\n<p>Por su parte, Claeys expres\u00f3 que esta ley otorga el derecho a &ldquo;un fin de la vida tranquilo y sin dolor&rdquo;. El texto, que ahora debe ser analizado por el Senado, cumple con una de las promesa de campa\u00f1a del presidente Fran\u00e7ois Hollande, favorable a &ldquo;una asistencia m\u00e9dica para terminar la vida de forma digna&rdquo;. La votaci\u00f3n fue perturbada cuando desconocidos lanzaron desde las tribunas panfletos que dec\u00edan &ldquo;No a la eutanasia&rdquo;. \u00a0 <\/p>\n<p>Seg\u00fan un sondeo publicado el domingo, el 96% de los franceses son favorables a la sedaci\u00f3n cuando el paciente lo solicita. Una mayor\u00eda un poco menor, 88%, est\u00e1 de acuerdo con la sedaci\u00f3n cuando se trata de una decisi\u00f3n del equipo m\u00e9dico debido a la imposibilidad de que el paciente exprese su opini\u00f3n. \u00a0 <\/p>\n<p>\u00a0 <\/p>\n","protected":false},"excerpt":{"rendered":"<p>La Asamblea Nacional de Francia aprob\u00f3 una ley para que <a href=\"https:\/\/sertv.gob.pa\/nacionalfm\/en-francia-autorizan-sedacion-para-pacientes-terminales\/\"> [&#8230;]<\/a><\/p>\n","protected":false},"author":1,"featured_media":4642,"comment_status":"closed","ping_status":"closed","sticky":false,"template":"","format":"standard","meta":{"footnotes":""},"categories":[5],"tags":[],"class_list":["post-4641","post","type-post","status-publish","format-standard","has-post-thumbnail","hentry","category-salud"],"_links":{"self":[{"href":"https:\/\/sertv.gob.pa\/nacionalfm\/wp-json\/wp\/v2\/posts\/4641","targetHints":{"allow":["GET"]}}],"collection":[{"href":"https:\/\/sertv.gob.pa\/nacionalfm\/wp-json\/wp\/v2\/posts"}],"about":[{"href":"https:\/\/sertv.gob.pa\/nacionalfm\/wp-json\/wp\/v2\/types\/post"}],"author":[{"embeddable":true,"href":"https:\/\/sertv.gob.pa\/nacionalfm\/wp-json\/wp\/v2\/users\/1"}],"replies":[{"embeddable":true,"href":"https:\/\/sertv.gob.pa\/nacionalfm\/wp-json\/wp\/v2\/comments?post=4641"}],"version-history":[{"count":0,"href":"https:\/\/sertv.gob.pa\/nacionalfm\/wp-json\/wp\/v2\/posts\/4641\/revisions"}],"wp:featuredmedia":[{"embeddable":true,"href":"https:\/\/sertv.gob.pa\/nacionalfm\/wp-json\/wp\/v2\/media\/4642"}],"wp:attachment":[{"href":"https:\/\/sertv.gob.pa\/nacionalfm\/wp-json\/wp\/v2\/media?parent=4641"}],"wp:term":[{"taxonomy":"category","embeddable":true,"href":"https:\/\/sertv.gob.pa\/nacionalfm\/wp-json\/wp\/v2\/categories?post=4641"},{"taxonomy":"post_tag","embeddable":true,"href":"https:\/\/sertv.gob.pa\/nacionalfm\/wp-json\/wp\/v2\/tags?post=4641"}],"curies":[{"name":"wp","href":"https:\/\/api.w.org\/{rel}","templated":true}]}}