{"id":4653,"date":"2015-03-19T18:58:22","date_gmt":"2015-03-19T18:58:22","guid":{"rendered":""},"modified":"2015-03-19T18:58:22","modified_gmt":"2015-03-19T18:58:22","slug":"prueba-rapida-de-sangre-busca-disminuir-el-uso-de-antibioticos","status":"publish","type":"post","link":"https:\/\/sertv.gob.pa\/nacionalfm\/prueba-rapida-de-sangre-busca-disminuir-el-uso-de-antibioticos\/","title":{"rendered":"Prueba r\u00e1pida de sangre busca disminuir el uso de antibi\u00f3ticos"},"content":{"rendered":"<p>\nLos cient\u00edficos responsables de la investigaci\u00f3n publicada en la revista Plos One indican que una prueba r\u00e1pida de de sangre \u00a0podr\u00eda reducir el uso de antibi\u00f3ticos cuando no son necesarios. <\/p>\n<p>En muchas ocasiones, ante la duda de si una persona tiene una infecci\u00f3n viral o bacteriana, el m\u00e9dico termina recetando estos f\u00e1rmacos innecesariamente. Como consecuencia, el desarrollo cada vez m\u00e1s acelerado de resistencia a los medicamentos se est\u00e1 convirtiendo en un problema para el ser humano y los sistemas de salud. <\/p>\n<p>La prueba est\u00e1 actualmente en su fase de laboratorio, pero el equipo est\u00e1 laborando para sacar al mercado un dispositivo port\u00e1til. <\/p>\n<p>Fue desarrollada por cient\u00edficos de varios centros m\u00e9dicos en Israel, en colaboraci\u00f3n con la compa\u00f1\u00eda MeMed. <\/p>\n<p>\u00a0 <\/p>\n","protected":false},"excerpt":{"rendered":"<p>Los cient\u00edficos responsables de la investigaci\u00f3n publicada en la revista <a href=\"https:\/\/sertv.gob.pa\/nacionalfm\/prueba-rapida-de-sangre-busca-disminuir-el-uso-de-antibioticos\/\"> [&#8230;]<\/a><\/p>\n","protected":false},"author":1,"featured_media":4654,"comment_status":"closed","ping_status":"closed","sticky":false,"template":"","format":"standard","meta":{"footnotes":""},"categories":[5],"tags":[],"class_list":["post-4653","post","type-post","status-publish","format-standard","has-post-thumbnail","hentry","category-salud"],"_links":{"self":[{"href":"https:\/\/sertv.gob.pa\/nacionalfm\/wp-json\/wp\/v2\/posts\/4653","targetHints":{"allow":["GET"]}}],"collection":[{"href":"https:\/\/sertv.gob.pa\/nacionalfm\/wp-json\/wp\/v2\/posts"}],"about":[{"href":"https:\/\/sertv.gob.pa\/nacionalfm\/wp-json\/wp\/v2\/types\/post"}],"author":[{"embeddable":true,"href":"https:\/\/sertv.gob.pa\/nacionalfm\/wp-json\/wp\/v2\/users\/1"}],"replies":[{"embeddable":true,"href":"https:\/\/sertv.gob.pa\/nacionalfm\/wp-json\/wp\/v2\/comments?post=4653"}],"version-history":[{"count":0,"href":"https:\/\/sertv.gob.pa\/nacionalfm\/wp-json\/wp\/v2\/posts\/4653\/revisions"}],"wp:featuredmedia":[{"embeddable":true,"href":"https:\/\/sertv.gob.pa\/nacionalfm\/wp-json\/wp\/v2\/media\/4654"}],"wp:attachment":[{"href":"https:\/\/sertv.gob.pa\/nacionalfm\/wp-json\/wp\/v2\/media?parent=4653"}],"wp:term":[{"taxonomy":"category","embeddable":true,"href":"https:\/\/sertv.gob.pa\/nacionalfm\/wp-json\/wp\/v2\/categories?post=4653"},{"taxonomy":"post_tag","embeddable":true,"href":"https:\/\/sertv.gob.pa\/nacionalfm\/wp-json\/wp\/v2\/tags?post=4653"}],"curies":[{"name":"wp","href":"https:\/\/api.w.org\/{rel}","templated":true}]}}