{"id":4661,"date":"2015-03-20T15:17:43","date_gmt":"2015-03-20T15:17:43","guid":{"rendered":""},"modified":"2015-03-20T15:17:43","modified_gmt":"2015-03-20T15:17:43","slug":"toque-de-queda-en-sierra-leona-por-ebola","status":"publish","type":"post","link":"https:\/\/sertv.gob.pa\/nacionalfm\/toque-de-queda-en-sierra-leona-por-ebola\/","title":{"rendered":"Toque de queda en Sierra Leona por \u00e9bola"},"content":{"rendered":"<p>\nSierra Leona anunci\u00f3 un confinamiento de 3 d\u00edas de unos 2,5 millones de habitantes en la regi\u00f3n de la capital, Freetown, y en el norte del pa\u00eds para hacer frente a la epidemia de  \u00e9bola . <\/p>\n<p>El peor brote del virus se ha cobrado la vida de casi 3 mil 700 personas en este empobrecido pa\u00eds de \u00c1frica, una de las tres naciones cuyas econom\u00edas se han arruinado y cuyos sistemas de salud est\u00e1n saturados a causa de la epidemia. <\/p>\n<p>\u00abEl confinamiento se prolongar\u00e1 entre el 27 y el 29 de marzo y ser\u00e1 similar al de septiembre\u00bb pasado, que fue impuesto en todo el pa\u00eds, declar\u00f3 a la prensa el jefe del Centro Nacional de Lucha contra el \u00c9bola (NERC), Palo Conteh. <\/p>\n<p>\u00a0 <\/p>\n","protected":false},"excerpt":{"rendered":"<p>Sierra Leona anunci\u00f3 un confinamiento de 3 d\u00edas de unos <a href=\"https:\/\/sertv.gob.pa\/nacionalfm\/toque-de-queda-en-sierra-leona-por-ebola\/\"> [&#8230;]<\/a><\/p>\n","protected":false},"author":1,"featured_media":4662,"comment_status":"closed","ping_status":"closed","sticky":false,"template":"","format":"standard","meta":{"footnotes":""},"categories":[5],"tags":[],"class_list":["post-4661","post","type-post","status-publish","format-standard","has-post-thumbnail","hentry","category-salud"],"_links":{"self":[{"href":"https:\/\/sertv.gob.pa\/nacionalfm\/wp-json\/wp\/v2\/posts\/4661","targetHints":{"allow":["GET"]}}],"collection":[{"href":"https:\/\/sertv.gob.pa\/nacionalfm\/wp-json\/wp\/v2\/posts"}],"about":[{"href":"https:\/\/sertv.gob.pa\/nacionalfm\/wp-json\/wp\/v2\/types\/post"}],"author":[{"embeddable":true,"href":"https:\/\/sertv.gob.pa\/nacionalfm\/wp-json\/wp\/v2\/users\/1"}],"replies":[{"embeddable":true,"href":"https:\/\/sertv.gob.pa\/nacionalfm\/wp-json\/wp\/v2\/comments?post=4661"}],"version-history":[{"count":0,"href":"https:\/\/sertv.gob.pa\/nacionalfm\/wp-json\/wp\/v2\/posts\/4661\/revisions"}],"wp:featuredmedia":[{"embeddable":true,"href":"https:\/\/sertv.gob.pa\/nacionalfm\/wp-json\/wp\/v2\/media\/4662"}],"wp:attachment":[{"href":"https:\/\/sertv.gob.pa\/nacionalfm\/wp-json\/wp\/v2\/media?parent=4661"}],"wp:term":[{"taxonomy":"category","embeddable":true,"href":"https:\/\/sertv.gob.pa\/nacionalfm\/wp-json\/wp\/v2\/categories?post=4661"},{"taxonomy":"post_tag","embeddable":true,"href":"https:\/\/sertv.gob.pa\/nacionalfm\/wp-json\/wp\/v2\/tags?post=4661"}],"curies":[{"name":"wp","href":"https:\/\/api.w.org\/{rel}","templated":true}]}}