{"id":4667,"date":"2015-03-20T16:12:56","date_gmt":"2015-03-20T16:12:56","guid":{"rendered":""},"modified":"2015-03-20T16:12:56","modified_gmt":"2015-03-20T16:12:56","slug":"en-abril-se-desarrollara-semana-de-vacunacion-de-las-americas","status":"publish","type":"post","link":"https:\/\/sertv.gob.pa\/nacionalfm\/en-abril-se-desarrollara-semana-de-vacunacion-de-las-americas\/","title":{"rendered":"En abril se desarrollar\u00e1 semana de vacunaci\u00f3n de las Am\u00e9ricas"},"content":{"rendered":"<p>\nMargarita Varela, coordinadora nacional del Programa Ampliado de Inmunizaci\u00f3n de la Caja de Seguro Social, dio a conocer que de 23 al 30 de abril se desarrollar\u00e1 la semana de Vacunaci\u00f3n de las Am\u00e9ricas. <\/p>\n<p>Varela agreg\u00f3 que el prop\u00f3sito es promover la equidad y el acceso a la vacunaci\u00f3n del ni\u00f1o y la familia. <\/p>\n<p>Explic\u00f3 que en esta ocasi\u00f3n se fortalecer\u00e1 el programa de inmunizaci\u00f3n porque este a\u00f1o no solamente se pondr\u00e1 una sola vacuna sino todas las vacunas, igualmente, se incluir\u00e1n a los ni\u00f1os que no se hayan aplicado sus refuerzos. <\/p>\n<p>Resalt\u00f3 que este a\u00f1o se integrar\u00e1n otras actividades como vacunaci\u00f3n de las mascotas y el equipo de vacunaci\u00f3n ser\u00e1 reforzado con profesionales de trabajo social, para ofrecer charlas de orientaci\u00f3n a las personas que acuden a los diferentes centros de vacunaci\u00f3n con el fin de contribuir a reducir los niveles de violencia que afectan al pa\u00eds. <\/p>\n<p>\u00a0 <\/p>\n<p>La funcionaria dijo que igualmente se integrar\u00e1 a esta campa\u00f1a, personal de cedulaci\u00f3n, con tr\u00e1mites gratuitos para obtener este documento. <\/p>\n<p>\u00a0 <\/p>\n","protected":false},"excerpt":{"rendered":"<p>Margarita Varela, coordinadora nacional del Programa Ampliado de Inmunizaci\u00f3n de <a href=\"https:\/\/sertv.gob.pa\/nacionalfm\/en-abril-se-desarrollara-semana-de-vacunacion-de-las-americas\/\"> [&#8230;]<\/a><\/p>\n","protected":false},"author":1,"featured_media":4668,"comment_status":"closed","ping_status":"closed","sticky":false,"template":"","format":"standard","meta":{"footnotes":""},"categories":[5],"tags":[],"class_list":["post-4667","post","type-post","status-publish","format-standard","has-post-thumbnail","hentry","category-salud"],"_links":{"self":[{"href":"https:\/\/sertv.gob.pa\/nacionalfm\/wp-json\/wp\/v2\/posts\/4667","targetHints":{"allow":["GET"]}}],"collection":[{"href":"https:\/\/sertv.gob.pa\/nacionalfm\/wp-json\/wp\/v2\/posts"}],"about":[{"href":"https:\/\/sertv.gob.pa\/nacionalfm\/wp-json\/wp\/v2\/types\/post"}],"author":[{"embeddable":true,"href":"https:\/\/sertv.gob.pa\/nacionalfm\/wp-json\/wp\/v2\/users\/1"}],"replies":[{"embeddable":true,"href":"https:\/\/sertv.gob.pa\/nacionalfm\/wp-json\/wp\/v2\/comments?post=4667"}],"version-history":[{"count":0,"href":"https:\/\/sertv.gob.pa\/nacionalfm\/wp-json\/wp\/v2\/posts\/4667\/revisions"}],"wp:featuredmedia":[{"embeddable":true,"href":"https:\/\/sertv.gob.pa\/nacionalfm\/wp-json\/wp\/v2\/media\/4668"}],"wp:attachment":[{"href":"https:\/\/sertv.gob.pa\/nacionalfm\/wp-json\/wp\/v2\/media?parent=4667"}],"wp:term":[{"taxonomy":"category","embeddable":true,"href":"https:\/\/sertv.gob.pa\/nacionalfm\/wp-json\/wp\/v2\/categories?post=4667"},{"taxonomy":"post_tag","embeddable":true,"href":"https:\/\/sertv.gob.pa\/nacionalfm\/wp-json\/wp\/v2\/tags?post=4667"}],"curies":[{"name":"wp","href":"https:\/\/api.w.org\/{rel}","templated":true}]}}