{"id":4709,"date":"2015-03-22T05:00:00","date_gmt":"2015-03-22T05:00:00","guid":{"rendered":""},"modified":"2015-03-22T05:00:00","modified_gmt":"2015-03-22T05:00:00","slug":"realizan-mamografias-sin-costo-en-chiriqui","status":"publish","type":"post","link":"https:\/\/sertv.gob.pa\/nacionalfm\/realizan-mamografias-sin-costo-en-chiriqui\/","title":{"rendered":"Realizan mamograf\u00edas sin costo en Chiriqu\u00ed"},"content":{"rendered":"<p>\nCentenares de ciudadanos en Chiriqu\u00ed se est\u00e1n beneficiando de la jornada de cl\u00ednica ambulatoria en la que se llevan a cabo mamograf\u00edas y electrocardiogramas gratis. <\/p>\n<p>Se trata de una iniciativa del Despacho de la Primera Dama y el Ministerio de Salud, mediante el proyecto &lsquo;Amor sobre ruedas&rsquo; que ya visit\u00f3 la ciudad de David, Manaca Norte, en Bar\u00fa, y el distrito de Bugaba. <\/p>\n<p>Asimismo estar\u00e1 hasta el 23 de marzo a un costado del pabell\u00f3n del Minsa en la feria de David. <\/p>\n<p>Hasta la fecha, han atendido 654 ex\u00e1menes de mama y 679 electrocardiogramas en toda la provincia. <\/p>\n<p>\u00a0 <\/p>\n","protected":false},"excerpt":{"rendered":"<p>Centenares de ciudadanos en Chiriqu\u00ed se est\u00e1n beneficiando de la <a href=\"https:\/\/sertv.gob.pa\/nacionalfm\/realizan-mamografias-sin-costo-en-chiriqui\/\"> [&#8230;]<\/a><\/p>\n","protected":false},"author":1,"featured_media":4710,"comment_status":"closed","ping_status":"closed","sticky":false,"template":"","format":"standard","meta":{"footnotes":""},"categories":[5],"tags":[],"class_list":["post-4709","post","type-post","status-publish","format-standard","has-post-thumbnail","hentry","category-salud"],"_links":{"self":[{"href":"https:\/\/sertv.gob.pa\/nacionalfm\/wp-json\/wp\/v2\/posts\/4709","targetHints":{"allow":["GET"]}}],"collection":[{"href":"https:\/\/sertv.gob.pa\/nacionalfm\/wp-json\/wp\/v2\/posts"}],"about":[{"href":"https:\/\/sertv.gob.pa\/nacionalfm\/wp-json\/wp\/v2\/types\/post"}],"author":[{"embeddable":true,"href":"https:\/\/sertv.gob.pa\/nacionalfm\/wp-json\/wp\/v2\/users\/1"}],"replies":[{"embeddable":true,"href":"https:\/\/sertv.gob.pa\/nacionalfm\/wp-json\/wp\/v2\/comments?post=4709"}],"version-history":[{"count":0,"href":"https:\/\/sertv.gob.pa\/nacionalfm\/wp-json\/wp\/v2\/posts\/4709\/revisions"}],"wp:featuredmedia":[{"embeddable":true,"href":"https:\/\/sertv.gob.pa\/nacionalfm\/wp-json\/wp\/v2\/media\/4710"}],"wp:attachment":[{"href":"https:\/\/sertv.gob.pa\/nacionalfm\/wp-json\/wp\/v2\/media?parent=4709"}],"wp:term":[{"taxonomy":"category","embeddable":true,"href":"https:\/\/sertv.gob.pa\/nacionalfm\/wp-json\/wp\/v2\/categories?post=4709"},{"taxonomy":"post_tag","embeddable":true,"href":"https:\/\/sertv.gob.pa\/nacionalfm\/wp-json\/wp\/v2\/tags?post=4709"}],"curies":[{"name":"wp","href":"https:\/\/api.w.org\/{rel}","templated":true}]}}