{"id":4719,"date":"2015-03-23T19:05:50","date_gmt":"2015-03-23T19:05:50","guid":{"rendered":""},"modified":"2015-03-23T19:05:50","modified_gmt":"2015-03-23T19:05:50","slug":"oms-declara-5-pesticidas-como-posibles-cancerigenos","status":"publish","type":"post","link":"https:\/\/sertv.gob.pa\/nacionalfm\/oms-declara-5-pesticidas-como-posibles-cancerigenos\/","title":{"rendered":"OMS declara 5 pesticidas como \u00abposibles\u00bb cancer\u00edgenos"},"content":{"rendered":"<p>\nLa Agencia Internacional para la Investigaci\u00f3n sobre el C\u00e1ncer (IARC), dependiente de la Organizaci\u00f3n Mundial de la Salud (OMS), declar\u00f3 cinco pesticidas como cancer\u00edgenos \u00abposibles\u00bb o \u00abprobables\u00bb. <\/p>\n<p>En un comunicado, la IARC explic\u00f3 que se ha publicado un sumario con las evaluaciones finales en la revista \u00abThe Lancet Oncology\u00bb en el que se detallan los hallazgos de los investigadores de la agencia. <\/p>\n<p>El herbicida glifosato (sustancia activa del Roundup, uno de los herbicidas m\u00e1s vendidos) y los insecticidas diazin\u00f3n y malati\u00f3n han sido clasificados como \u00abprobablemente cancer\u00edgenos para los humanos\u00bb. Al mismo tiempo, los insecticidas tetraclorvinfos y parati\u00f3n han sido designados como \u00abposiblemente cancer\u00edgenos para el ser humano\u00bb por esta agencia, con sede en la ciudad francesa de Lyon. <\/p>\n<p>Estos dos \u00faltimos productos entraron en el llamado Grupo 2B establecido por la IARC al hallarse \u00abevidencias convincentes\u00bb de que esos agentes ocasionaron c\u00e1ncer a animales de laboratorio. <\/p>\n<p>El tetraclorvinfos est\u00e1 prohibido en la Uni\u00f3n Europea, aunque en EEUU contin\u00faa us\u00e1ndose incluso en mascotas, y el uso de parati\u00f3n est\u00e1 muy restringido desde los a\u00f1os 80 del pasado siglo. <\/p>\n<p>El insecticida malati\u00f3n, por su parte, ingres\u00f3 en el Grupo 2A por las \u00abevidencias limitadas\u00bb de que producir\u00eda linfoma no-Hodgkin y c\u00e1ncer de pr\u00f3stata en humanos, seg\u00fan recogen estudios efectuados en agricultores de Estados Unidos, Canad\u00e1 y Suecia publicados desde 2001. <\/p>\n<p>Este agente se usa en la agricultura y se produce en grandes cantidades en todo el mundo, aunque la exposici\u00f3n de la poblaci\u00f3n es baja y sucede principalmente en residencias cercanas a \u00e1reas en las que se ha utilizado. <\/p>\n<p>El diazin\u00f3n es \u00abprobablemente cancer\u00edgeno\u00bb al haber \u00abevidencia limitada\u00bb de su relaci\u00f3n con la aparici\u00f3n de linfoma no-Hodgkin y c\u00e1ncer de pulm\u00f3n en quienes se han visto expuestos a \u00e9l, seg\u00fan estudios efectuados en EEUU y Canad\u00e1. <\/p>\n<p>Existe una \u00abfuerte evidencia\u00bb de que el diazin\u00f3n indujo da\u00f1os sobre el ADN o sobre los cromosomas. Se ha utilizado normalmente en agricultura y para el control de insectos caseros y de jard\u00edn, aunque su volumen de producci\u00f3n es relativamente bajo, especialmente luego de las restricciones que entraron en vigor en 2006 en EEUU y la UE. <\/p>\n<p>Sobre el herbicida glifosato hay \u00abevidencia limitada\u00bb de que puede producir linfoma no-Hodgkin en seres humanos, y hay pruebas \u00abconvincentes\u00bb de que puede causar c\u00e1ncer en animales de laboratorio. Este \u00faltimo tiene el mayor volumen de producci\u00f3n global de todos los herbicidas, y se utiliza sobre todo en la agricultura. <\/p>\n<p>Su uso se ha disparado a partir del desarrollo de cosechas modificadas gen\u00e9ticamente para hacerlas precisamente resistentes al uso de este agente.\u00a0 <\/p>\n<p>\u00a0 <\/p>\n","protected":false},"excerpt":{"rendered":"<p>La Agencia Internacional para la Investigaci\u00f3n sobre el C\u00e1ncer (IARC), <a href=\"https:\/\/sertv.gob.pa\/nacionalfm\/oms-declara-5-pesticidas-como-posibles-cancerigenos\/\"> [&#8230;]<\/a><\/p>\n","protected":false},"author":1,"featured_media":4720,"comment_status":"closed","ping_status":"closed","sticky":false,"template":"","format":"standard","meta":{"footnotes":""},"categories":[5],"tags":[],"class_list":["post-4719","post","type-post","status-publish","format-standard","has-post-thumbnail","hentry","category-salud"],"_links":{"self":[{"href":"https:\/\/sertv.gob.pa\/nacionalfm\/wp-json\/wp\/v2\/posts\/4719","targetHints":{"allow":["GET"]}}],"collection":[{"href":"https:\/\/sertv.gob.pa\/nacionalfm\/wp-json\/wp\/v2\/posts"}],"about":[{"href":"https:\/\/sertv.gob.pa\/nacionalfm\/wp-json\/wp\/v2\/types\/post"}],"author":[{"embeddable":true,"href":"https:\/\/sertv.gob.pa\/nacionalfm\/wp-json\/wp\/v2\/users\/1"}],"replies":[{"embeddable":true,"href":"https:\/\/sertv.gob.pa\/nacionalfm\/wp-json\/wp\/v2\/comments?post=4719"}],"version-history":[{"count":0,"href":"https:\/\/sertv.gob.pa\/nacionalfm\/wp-json\/wp\/v2\/posts\/4719\/revisions"}],"wp:featuredmedia":[{"embeddable":true,"href":"https:\/\/sertv.gob.pa\/nacionalfm\/wp-json\/wp\/v2\/media\/4720"}],"wp:attachment":[{"href":"https:\/\/sertv.gob.pa\/nacionalfm\/wp-json\/wp\/v2\/media?parent=4719"}],"wp:term":[{"taxonomy":"category","embeddable":true,"href":"https:\/\/sertv.gob.pa\/nacionalfm\/wp-json\/wp\/v2\/categories?post=4719"},{"taxonomy":"post_tag","embeddable":true,"href":"https:\/\/sertv.gob.pa\/nacionalfm\/wp-json\/wp\/v2\/tags?post=4719"}],"curies":[{"name":"wp","href":"https:\/\/api.w.org\/{rel}","templated":true}]}}