{"id":47264,"date":"2019-12-05T14:13:07","date_gmt":"2019-12-05T14:13:07","guid":{"rendered":"https:\/\/sertv.gob.pa\/nacionalfm\/?p=47264"},"modified":"2019-12-05T14:13:07","modified_gmt":"2019-12-05T14:13:07","slug":"loteria-nacional-de-beneficencia-anuncia-cambio-de-fecha-de-sorteos-en-el-mes-de-diciembre","status":"publish","type":"post","link":"https:\/\/sertv.gob.pa\/nacionalfm\/loteria-nacional-de-beneficencia-anuncia-cambio-de-fecha-de-sorteos-en-el-mes-de-diciembre\/","title":{"rendered":"Loter\u00eda Nacional de Beneficencia anuncia cambio de fecha de sorteos en el mes de diciembre"},"content":{"rendered":"<div class=\"fusion-fullwidth fullwidth-box fusion-builder-row-1 nonhundred-percent-fullwidth non-hundred-percent-height-scrolling\" style=\"--awb-border-radius-top-left:0px;--awb-border-radius-top-right:0px;--awb-border-radius-bottom-right:0px;--awb-border-radius-bottom-left:0px;--awb-flex-wrap:wrap;\" ><div class=\"fusion-builder-row fusion-row\"><div class=\"fusion-layout-column fusion_builder_column fusion-builder-column-0 fusion_builder_column_1_1 1_1 fusion-one-full fusion-column-first fusion-column-last\" style=\"--awb-bg-size:cover;\"><div class=\"fusion-column-wrapper fusion-column-has-shadow fusion-flex-column-wrapper-legacy\"><div class=\"fusion-text fusion-text-1\"><p>La Loter\u00eda Nacional de Beneficencia (LNB) a trav\u00e9s de la Direcci\u00f3n de Operaciones, anuncia el cambio de fecha de sorteos en el mes de diciembre, debido a las fiestas de fin de a\u00f1o.<\/p>\n<p>Los cambios son los siguientes:<\/p>\n<p>-El sorteo dominical del 8 de diciembre, se celebrar\u00e1 el s\u00e1bado 7 de diciembre de 2019.<\/p>\n<p>-El sorteo intermedio del 25 de diciembre, se efectuar\u00e1 el jueves 26 de diciembre de 2019.<\/p>\n<p>.El jueves 2 de enero se realizar\u00e1 el sorteo intermedio del 1 de enero de 2020, A\u00f1o Nuevo.<\/p>\n<p>La LNP advierte a la comunidad que las oficinas de la instituci\u00f3n permanecer\u00e1n cerradas los d\u00edas 8, 9, 25 de diciembre y el 1 de enero de 2020.<\/p>\n<p><strong>\u00a0<\/strong><\/p>\n<\/div><div class=\"awb-gallery-wrapper awb-gallery-wrapper-1 button-span-no\"><div style=\"margin:-5px;--awb-bordersize:0px;\" class=\"fusion-gallery fusion-gallery-container fusion-grid-3 fusion-columns-total-1 fusion-gallery-layout-grid fusion-gallery-1\"><div style=\"padding:5px;\" class=\"fusion-grid-column fusion-gallery-column fusion-gallery-column-3 hover-type-none\"><div class=\"fusion-gallery-image\"><a href=\"https:\/\/sertv.gob.pa\/nacionalfm\/wp-content\/uploads\/sites\/6\/2019\/12\/lnb.png\" rel=\"noreferrer\" data-rel=\"iLightbox[gallery_image_1]\" class=\"fusion-lightbox\" target=\"_self\"><img decoding=\"async\" src=\"https:\/\/sertv.gob.pa\/nacionalfm\/wp-content\/uploads\/sites\/6\/2019\/12\/lnb.png\" width=\"640\" height=\"358\" alt=\"\" title=\"lnb\" aria-label=\"lnb\" class=\"img-responsive wp-image-47265\" srcset=\"https:\/\/sertv.gob.pa\/nacionalfm\/wp-content\/uploads\/sites\/6\/2019\/12\/lnb-200x112.png 200w, https:\/\/sertv.gob.pa\/nacionalfm\/wp-content\/uploads\/sites\/6\/2019\/12\/lnb-400x224.png 400w, https:\/\/sertv.gob.pa\/nacionalfm\/wp-content\/uploads\/sites\/6\/2019\/12\/lnb-600x336.png 600w, https:\/\/sertv.gob.pa\/nacionalfm\/wp-content\/uploads\/sites\/6\/2019\/12\/lnb.png 640w\" sizes=\"(min-width: 2200px) 100vw, (min-width: 784px) 363px, (min-width: 712px) 545px, (min-width: 640px) 712px, \" \/><\/a><\/div><\/div><\/div><\/div><div class=\"fusion-clearfix\"><\/div><\/div><\/div><\/div><\/div>\n","protected":false},"excerpt":{"rendered":"","protected":false},"author":34,"featured_media":47265,"comment_status":"closed","ping_status":"closed","sticky":false,"template":"","format":"standard","meta":{"footnotes":""},"categories":[2],"tags":[],"class_list":["post-47264","post","type-post","status-publish","format-standard","has-post-thumbnail","hentry","category-nacionales"],"_links":{"self":[{"href":"https:\/\/sertv.gob.pa\/nacionalfm\/wp-json\/wp\/v2\/posts\/47264","targetHints":{"allow":["GET"]}}],"collection":[{"href":"https:\/\/sertv.gob.pa\/nacionalfm\/wp-json\/wp\/v2\/posts"}],"about":[{"href":"https:\/\/sertv.gob.pa\/nacionalfm\/wp-json\/wp\/v2\/types\/post"}],"author":[{"embeddable":true,"href":"https:\/\/sertv.gob.pa\/nacionalfm\/wp-json\/wp\/v2\/users\/34"}],"replies":[{"embeddable":true,"href":"https:\/\/sertv.gob.pa\/nacionalfm\/wp-json\/wp\/v2\/comments?post=47264"}],"version-history":[{"count":1,"href":"https:\/\/sertv.gob.pa\/nacionalfm\/wp-json\/wp\/v2\/posts\/47264\/revisions"}],"predecessor-version":[{"id":47266,"href":"https:\/\/sertv.gob.pa\/nacionalfm\/wp-json\/wp\/v2\/posts\/47264\/revisions\/47266"}],"wp:featuredmedia":[{"embeddable":true,"href":"https:\/\/sertv.gob.pa\/nacionalfm\/wp-json\/wp\/v2\/media\/47265"}],"wp:attachment":[{"href":"https:\/\/sertv.gob.pa\/nacionalfm\/wp-json\/wp\/v2\/media?parent=47264"}],"wp:term":[{"taxonomy":"category","embeddable":true,"href":"https:\/\/sertv.gob.pa\/nacionalfm\/wp-json\/wp\/v2\/categories?post=47264"},{"taxonomy":"post_tag","embeddable":true,"href":"https:\/\/sertv.gob.pa\/nacionalfm\/wp-json\/wp\/v2\/tags?post=47264"}],"curies":[{"name":"wp","href":"https:\/\/api.w.org\/{rel}","templated":true}]}}