{"id":4727,"date":"2015-03-23T20:12:18","date_gmt":"2015-03-23T20:12:18","guid":{"rendered":""},"modified":"2015-03-23T20:12:18","modified_gmt":"2015-03-23T20:12:18","slug":"confirman-fallecimiento-de-menor-por-dengue","status":"publish","type":"post","link":"https:\/\/sertv.gob.pa\/nacionalfm\/confirman-fallecimiento-de-menor-por-dengue\/","title":{"rendered":"Confirman fallecimiento de menor por dengue"},"content":{"rendered":"<p>\nAurelio Rangel, director de la direcci\u00f3n regional del \u00e1rea Metropolitana de Salud, confirm\u00f3 el deceso de un menor por dengue, convirti\u00e9ndose en la primera v\u00edctima del a\u00f1o 2015. <\/p>\n<p>El galeno detall\u00f3 que se trata de un infante que resid\u00eda en Tocumen, Panam\u00e1 Este. <\/p>\n<p>Las autoridades del Ministerio de Salud piden a los residentes de las comunidades limpiar su entorno para eliminar los criaderos del mosquito Aedes aegypti, transmisor de dengue. <\/p>\n<p>Hasta el 4 de marzo de este a\u00f1o hay seis casos confirmados y siete sospechosos, en Panam\u00e1 Este; mientras que en Panam\u00e1 Metro hay 29 confirmados por dengue. <\/p>\n<p>Las autoridades del Ministerio de Salud, sede central, han programado una conferencia de prensa hoy, en la tarde, \u00a0para informar sobre las \u00faltimas cifras de dengue al registrarse la primera v\u00edctima de 2015. <\/p>\n<p>\u00a0 <\/p>\n","protected":false},"excerpt":{"rendered":"<p>Aurelio Rangel, director de la direcci\u00f3n regional del \u00e1rea Metropolitana <a href=\"https:\/\/sertv.gob.pa\/nacionalfm\/confirman-fallecimiento-de-menor-por-dengue\/\"> [&#8230;]<\/a><\/p>\n","protected":false},"author":1,"featured_media":4728,"comment_status":"closed","ping_status":"closed","sticky":false,"template":"","format":"standard","meta":{"footnotes":""},"categories":[5],"tags":[],"class_list":["post-4727","post","type-post","status-publish","format-standard","has-post-thumbnail","hentry","category-salud"],"_links":{"self":[{"href":"https:\/\/sertv.gob.pa\/nacionalfm\/wp-json\/wp\/v2\/posts\/4727","targetHints":{"allow":["GET"]}}],"collection":[{"href":"https:\/\/sertv.gob.pa\/nacionalfm\/wp-json\/wp\/v2\/posts"}],"about":[{"href":"https:\/\/sertv.gob.pa\/nacionalfm\/wp-json\/wp\/v2\/types\/post"}],"author":[{"embeddable":true,"href":"https:\/\/sertv.gob.pa\/nacionalfm\/wp-json\/wp\/v2\/users\/1"}],"replies":[{"embeddable":true,"href":"https:\/\/sertv.gob.pa\/nacionalfm\/wp-json\/wp\/v2\/comments?post=4727"}],"version-history":[{"count":0,"href":"https:\/\/sertv.gob.pa\/nacionalfm\/wp-json\/wp\/v2\/posts\/4727\/revisions"}],"wp:featuredmedia":[{"embeddable":true,"href":"https:\/\/sertv.gob.pa\/nacionalfm\/wp-json\/wp\/v2\/media\/4728"}],"wp:attachment":[{"href":"https:\/\/sertv.gob.pa\/nacionalfm\/wp-json\/wp\/v2\/media?parent=4727"}],"wp:term":[{"taxonomy":"category","embeddable":true,"href":"https:\/\/sertv.gob.pa\/nacionalfm\/wp-json\/wp\/v2\/categories?post=4727"},{"taxonomy":"post_tag","embeddable":true,"href":"https:\/\/sertv.gob.pa\/nacionalfm\/wp-json\/wp\/v2\/tags?post=4727"}],"curies":[{"name":"wp","href":"https:\/\/api.w.org\/{rel}","templated":true}]}}