{"id":4737,"date":"2015-03-24T16:02:01","date_gmt":"2015-03-24T16:02:01","guid":{"rendered":""},"modified":"2015-03-24T16:02:01","modified_gmt":"2015-03-24T16:02:01","slug":"iv-jornada-de-reduccion-de-mora-quirurgica","status":"publish","type":"post","link":"https:\/\/sertv.gob.pa\/nacionalfm\/iv-jornada-de-reduccion-de-mora-quirurgica\/","title":{"rendered":"IV Jornada de Reducci\u00f3n de mora quir\u00fargica"},"content":{"rendered":"<p>\nDurante dos d\u00edas (21 y 22 de marzo) la Caja de Seguro Social ha efectuado la IV Jornada de Reducci\u00f3n de mora quir\u00fargica y especialidades\u00a0en el Hospital Rafael Est\u00e9vez y Pol. Manuel de Jes\u00fas Rojas en Aguadulce, provincia de Cocl\u00e9. <\/p>\n<p> Desde el 15 de diciembre hasta la fecha se han realizado 405 cirug\u00edas y 3,937 consultas de especialidades, inform\u00f3 la entidad.  <\/p>\n<p> Los centros hospitalarios donde se han llevado a cabo las cirug\u00edas y consultas de especialidades son: Hospital Regional 24 de Diciembre, Policl\u00ednica Santiago Barraza, \u00a0Hospital Gustavo Nelson Collado (Chitr\u00e9, Herrera), Hospital Rafael Hern\u00e1ndez y Pol. Gustavo A. Ross (David, Chiriqu\u00ed), Hospital Ra\u00fal D\u00e1vila Mena (Changuinola, Bocas del Toro) y el Hospital Rafael Est\u00e9vez y Pol. Manuel de Jes\u00fas Rojas (Aguadulce, Cocl\u00e9).  <\/p>\n<p>\u00a0 <\/p>\n","protected":false},"excerpt":{"rendered":"<p>Durante dos d\u00edas (21 y 22 de marzo) la Caja <a href=\"https:\/\/sertv.gob.pa\/nacionalfm\/iv-jornada-de-reduccion-de-mora-quirurgica\/\"> [&#8230;]<\/a><\/p>\n","protected":false},"author":1,"featured_media":4738,"comment_status":"closed","ping_status":"closed","sticky":false,"template":"","format":"standard","meta":{"footnotes":""},"categories":[5],"tags":[],"class_list":["post-4737","post","type-post","status-publish","format-standard","has-post-thumbnail","hentry","category-salud"],"_links":{"self":[{"href":"https:\/\/sertv.gob.pa\/nacionalfm\/wp-json\/wp\/v2\/posts\/4737","targetHints":{"allow":["GET"]}}],"collection":[{"href":"https:\/\/sertv.gob.pa\/nacionalfm\/wp-json\/wp\/v2\/posts"}],"about":[{"href":"https:\/\/sertv.gob.pa\/nacionalfm\/wp-json\/wp\/v2\/types\/post"}],"author":[{"embeddable":true,"href":"https:\/\/sertv.gob.pa\/nacionalfm\/wp-json\/wp\/v2\/users\/1"}],"replies":[{"embeddable":true,"href":"https:\/\/sertv.gob.pa\/nacionalfm\/wp-json\/wp\/v2\/comments?post=4737"}],"version-history":[{"count":0,"href":"https:\/\/sertv.gob.pa\/nacionalfm\/wp-json\/wp\/v2\/posts\/4737\/revisions"}],"wp:featuredmedia":[{"embeddable":true,"href":"https:\/\/sertv.gob.pa\/nacionalfm\/wp-json\/wp\/v2\/media\/4738"}],"wp:attachment":[{"href":"https:\/\/sertv.gob.pa\/nacionalfm\/wp-json\/wp\/v2\/media?parent=4737"}],"wp:term":[{"taxonomy":"category","embeddable":true,"href":"https:\/\/sertv.gob.pa\/nacionalfm\/wp-json\/wp\/v2\/categories?post=4737"},{"taxonomy":"post_tag","embeddable":true,"href":"https:\/\/sertv.gob.pa\/nacionalfm\/wp-json\/wp\/v2\/tags?post=4737"}],"curies":[{"name":"wp","href":"https:\/\/api.w.org\/{rel}","templated":true}]}}