{"id":4741,"date":"2015-03-24T16:22:35","date_gmt":"2015-03-24T16:22:35","guid":{"rendered":""},"modified":"2015-03-24T16:22:35","modified_gmt":"2015-03-24T16:22:35","slug":"semana-de-vacunacion-contra-sarampion-en-liberia","status":"publish","type":"post","link":"https:\/\/sertv.gob.pa\/nacionalfm\/semana-de-vacunacion-contra-sarampion-en-liberia\/","title":{"rendered":"Semana de vacunaci\u00f3n contra sarampi\u00f3n en Liberia"},"content":{"rendered":"<p>\nUn ni\u00f1o es vacunado en la semana de vacunaci\u00f3n contra el sarampi\u00f3n en un vecindario pobre de Monrovia, capital de Liberia. <\/p>\n<p> Con el pa\u00eds todav\u00eda recuper\u00e1ndose del peor brote del \u00e9bola en la historia el a\u00f1o pasado, ahora se enfrentan a un virus a\u00fan m\u00e1s mortal.  <\/p>\n","protected":false},"excerpt":{"rendered":"<p>Un ni\u00f1o es vacunado en la semana de vacunaci\u00f3n contra <a href=\"https:\/\/sertv.gob.pa\/nacionalfm\/semana-de-vacunacion-contra-sarampion-en-liberia\/\"> [&#8230;]<\/a><\/p>\n","protected":false},"author":1,"featured_media":4742,"comment_status":"closed","ping_status":"closed","sticky":false,"template":"","format":"standard","meta":{"footnotes":""},"categories":[5],"tags":[],"class_list":["post-4741","post","type-post","status-publish","format-standard","has-post-thumbnail","hentry","category-salud"],"_links":{"self":[{"href":"https:\/\/sertv.gob.pa\/nacionalfm\/wp-json\/wp\/v2\/posts\/4741","targetHints":{"allow":["GET"]}}],"collection":[{"href":"https:\/\/sertv.gob.pa\/nacionalfm\/wp-json\/wp\/v2\/posts"}],"about":[{"href":"https:\/\/sertv.gob.pa\/nacionalfm\/wp-json\/wp\/v2\/types\/post"}],"author":[{"embeddable":true,"href":"https:\/\/sertv.gob.pa\/nacionalfm\/wp-json\/wp\/v2\/users\/1"}],"replies":[{"embeddable":true,"href":"https:\/\/sertv.gob.pa\/nacionalfm\/wp-json\/wp\/v2\/comments?post=4741"}],"version-history":[{"count":0,"href":"https:\/\/sertv.gob.pa\/nacionalfm\/wp-json\/wp\/v2\/posts\/4741\/revisions"}],"wp:featuredmedia":[{"embeddable":true,"href":"https:\/\/sertv.gob.pa\/nacionalfm\/wp-json\/wp\/v2\/media\/4742"}],"wp:attachment":[{"href":"https:\/\/sertv.gob.pa\/nacionalfm\/wp-json\/wp\/v2\/media?parent=4741"}],"wp:term":[{"taxonomy":"category","embeddable":true,"href":"https:\/\/sertv.gob.pa\/nacionalfm\/wp-json\/wp\/v2\/categories?post=4741"},{"taxonomy":"post_tag","embeddable":true,"href":"https:\/\/sertv.gob.pa\/nacionalfm\/wp-json\/wp\/v2\/tags?post=4741"}],"curies":[{"name":"wp","href":"https:\/\/api.w.org\/{rel}","templated":true}]}}