{"id":4749,"date":"2015-03-24T18:36:55","date_gmt":"2015-03-24T18:36:55","guid":{"rendered":""},"modified":"2015-03-24T18:36:55","modified_gmt":"2015-03-24T18:36:55","slug":"15-casos-de-tuberculosis-en-san-miguelito-segun-reporta-el-minsa","status":"publish","type":"post","link":"https:\/\/sertv.gob.pa\/nacionalfm\/15-casos-de-tuberculosis-en-san-miguelito-segun-reporta-el-minsa\/","title":{"rendered":"15 casos de tuberculosis en San Miguelito, seg\u00fan reporta el Minsa"},"content":{"rendered":"<p>\nEn lo que va del a\u00f1o 2015, de 20 casos de tuberculosis que se han registrado 15 son del Centro de Salud de Amelia Denis de Icaza, en el distrito de San Miguelito, inform\u00f3 la regional \u00a0del Ministerio de Salud (MINSA). <\/p>\n<p>Seg\u00fan informes del MINSA, los pacientes comprenden las edades entre \u00a020 a 50 a\u00f1os y actualmente est\u00e1n recibiendo tratamientos. <\/p>\n<p>En el 2014, \u00a0se reportaron 108 casos. Las personas su mayor\u00eda hombres comprend\u00eda las edades entre 15 a 34 a\u00f1os.\u00a0 <\/p>\n<p>En San Miguelito, el mayor \u00edndice de pacientes con esta enfermedad se halla en los corregimientos de Belisario Fr\u00edas (31 casos); Veranillo (31 casos) y Alcalde D\u00edaz y Las Cumbres (23 casos). <\/p>\n<p>\u00a0 <\/p>\n","protected":false},"excerpt":{"rendered":"<p>En lo que va del a\u00f1o 2015, de 20 casos <a href=\"https:\/\/sertv.gob.pa\/nacionalfm\/15-casos-de-tuberculosis-en-san-miguelito-segun-reporta-el-minsa\/\"> [&#8230;]<\/a><\/p>\n","protected":false},"author":1,"featured_media":4750,"comment_status":"closed","ping_status":"closed","sticky":false,"template":"","format":"standard","meta":{"footnotes":""},"categories":[5],"tags":[],"class_list":["post-4749","post","type-post","status-publish","format-standard","has-post-thumbnail","hentry","category-salud"],"_links":{"self":[{"href":"https:\/\/sertv.gob.pa\/nacionalfm\/wp-json\/wp\/v2\/posts\/4749","targetHints":{"allow":["GET"]}}],"collection":[{"href":"https:\/\/sertv.gob.pa\/nacionalfm\/wp-json\/wp\/v2\/posts"}],"about":[{"href":"https:\/\/sertv.gob.pa\/nacionalfm\/wp-json\/wp\/v2\/types\/post"}],"author":[{"embeddable":true,"href":"https:\/\/sertv.gob.pa\/nacionalfm\/wp-json\/wp\/v2\/users\/1"}],"replies":[{"embeddable":true,"href":"https:\/\/sertv.gob.pa\/nacionalfm\/wp-json\/wp\/v2\/comments?post=4749"}],"version-history":[{"count":0,"href":"https:\/\/sertv.gob.pa\/nacionalfm\/wp-json\/wp\/v2\/posts\/4749\/revisions"}],"wp:featuredmedia":[{"embeddable":true,"href":"https:\/\/sertv.gob.pa\/nacionalfm\/wp-json\/wp\/v2\/media\/4750"}],"wp:attachment":[{"href":"https:\/\/sertv.gob.pa\/nacionalfm\/wp-json\/wp\/v2\/media?parent=4749"}],"wp:term":[{"taxonomy":"category","embeddable":true,"href":"https:\/\/sertv.gob.pa\/nacionalfm\/wp-json\/wp\/v2\/categories?post=4749"},{"taxonomy":"post_tag","embeddable":true,"href":"https:\/\/sertv.gob.pa\/nacionalfm\/wp-json\/wp\/v2\/tags?post=4749"}],"curies":[{"name":"wp","href":"https:\/\/api.w.org\/{rel}","templated":true}]}}