{"id":4763,"date":"2015-03-26T16:26:15","date_gmt":"2015-03-26T16:26:15","guid":{"rendered":""},"modified":"2015-03-26T16:26:15","modified_gmt":"2015-03-26T16:26:15","slug":"iniciaron-primeras-vacunaciones-contra-el-ebola-en-guinea","status":"publish","type":"post","link":"https:\/\/sertv.gob.pa\/nacionalfm\/iniciaron-primeras-vacunaciones-contra-el-ebola-en-guinea\/","title":{"rendered":"Iniciaron primeras vacunaciones contra el \u00e9bola en Guinea"},"content":{"rendered":"<p>\nLa Organizaci\u00f3n Mundial de la Salud (OMS) anunci\u00f3 \u00a0que se ha comenzado a vacunar contra el \u00e9bola a los habitantes de una de las zonas de Guinea m\u00e1s afectadas por la epidemia, lo que servir\u00e1 para determinar la eficacia del producto que a\u00fan est\u00e1 en fase de prueba. <\/p>\n<p>La vacuna que se prueba en Guinea es la VSV-ZEBOV, desarrollada por la Agencia de Salud P\u00fablica de Canad\u00e1 y producida actualmente por la biotecnol\u00f3gica NewLink Genetics Corporation y la farmac\u00e9utica Merck. <\/p>\n<p>El prop\u00f3sito es vacunar a 10 mil personas en este pa\u00eds en un periodo de seis a ocho semanas, con un seguimiento de tres meses a los vacunados para llegar a resultados preliminares en julio. <\/p>\n<p>\u00a0 <\/p>\n","protected":false},"excerpt":{"rendered":"<p>La Organizaci\u00f3n Mundial de la Salud (OMS) anunci\u00f3 \u00a0que se <a href=\"https:\/\/sertv.gob.pa\/nacionalfm\/iniciaron-primeras-vacunaciones-contra-el-ebola-en-guinea\/\"> [&#8230;]<\/a><\/p>\n","protected":false},"author":1,"featured_media":4764,"comment_status":"closed","ping_status":"closed","sticky":false,"template":"","format":"standard","meta":{"footnotes":""},"categories":[5],"tags":[],"class_list":["post-4763","post","type-post","status-publish","format-standard","has-post-thumbnail","hentry","category-salud"],"_links":{"self":[{"href":"https:\/\/sertv.gob.pa\/nacionalfm\/wp-json\/wp\/v2\/posts\/4763","targetHints":{"allow":["GET"]}}],"collection":[{"href":"https:\/\/sertv.gob.pa\/nacionalfm\/wp-json\/wp\/v2\/posts"}],"about":[{"href":"https:\/\/sertv.gob.pa\/nacionalfm\/wp-json\/wp\/v2\/types\/post"}],"author":[{"embeddable":true,"href":"https:\/\/sertv.gob.pa\/nacionalfm\/wp-json\/wp\/v2\/users\/1"}],"replies":[{"embeddable":true,"href":"https:\/\/sertv.gob.pa\/nacionalfm\/wp-json\/wp\/v2\/comments?post=4763"}],"version-history":[{"count":0,"href":"https:\/\/sertv.gob.pa\/nacionalfm\/wp-json\/wp\/v2\/posts\/4763\/revisions"}],"wp:featuredmedia":[{"embeddable":true,"href":"https:\/\/sertv.gob.pa\/nacionalfm\/wp-json\/wp\/v2\/media\/4764"}],"wp:attachment":[{"href":"https:\/\/sertv.gob.pa\/nacionalfm\/wp-json\/wp\/v2\/media?parent=4763"}],"wp:term":[{"taxonomy":"category","embeddable":true,"href":"https:\/\/sertv.gob.pa\/nacionalfm\/wp-json\/wp\/v2\/categories?post=4763"},{"taxonomy":"post_tag","embeddable":true,"href":"https:\/\/sertv.gob.pa\/nacionalfm\/wp-json\/wp\/v2\/tags?post=4763"}],"curies":[{"name":"wp","href":"https:\/\/api.w.org\/{rel}","templated":true}]}}