{"id":4765,"date":"2015-03-26T19:45:06","date_gmt":"2015-03-26T19:45:06","guid":{"rendered":""},"modified":"2015-03-26T19:45:06","modified_gmt":"2015-03-26T19:45:06","slug":"proyecto-panama-sin-dengue-en-la-universidad","status":"publish","type":"post","link":"https:\/\/sertv.gob.pa\/nacionalfm\/proyecto-panama-sin-dengue-en-la-universidad\/","title":{"rendered":"Proyecto \u00abPanam\u00e1 sin Dengue\u00bb en la Universidad"},"content":{"rendered":"\n<p>El Ministerio de Salud (MINSA) llevar\u00e1 a cabo el lanzamiento del proyecto &ldquo;Panam\u00e1 Sin Dengue&rdquo;. <\/p>\n<p>Este proyecto se desarrollar\u00e1 a trav\u00e9s de un convenio entre la Universidad de Panam\u00e1 con el Ministerio de Salud, cuyo prop\u00f3sito es que la comunidad universitaria se integre a las acciones de vigilancia y promoci\u00f3n en la lucha contra el mosquitoAedes aegypti, transmisor del dengue. <\/p>\n<p>Ayer, mi\u00e9rcoles, el Ministro de Salud, Javier Terrientes, confirm\u00f3 unos 300 casos de dengue a nivel nacional, y 23 de estos casos son de cuidado. <\/p>\n<p>Terrientes lament\u00f3 al primera muerte del 2015 por dengue agravado, cuya v\u00edctima fue un beb\u00e9 que resid\u00eda en Tocumen. <\/p>\n<p>El rector de la Salud solicit\u00f3 a la poblaci\u00f3n mantener su entorno limpio y eliminar los criaderos potenciales del mosquito Aedes aegypti. <\/p>\n","protected":false},"excerpt":{"rendered":"<p>El Ministerio de Salud (MINSA) llevar\u00e1 a cabo el lanzamiento <a href=\"https:\/\/sertv.gob.pa\/nacionalfm\/proyecto-panama-sin-dengue-en-la-universidad\/\"> [&#8230;]<\/a><\/p>\n","protected":false},"author":1,"featured_media":4766,"comment_status":"closed","ping_status":"closed","sticky":false,"template":"","format":"standard","meta":{"footnotes":""},"categories":[5],"tags":[],"class_list":["post-4765","post","type-post","status-publish","format-standard","has-post-thumbnail","hentry","category-salud"],"_links":{"self":[{"href":"https:\/\/sertv.gob.pa\/nacionalfm\/wp-json\/wp\/v2\/posts\/4765","targetHints":{"allow":["GET"]}}],"collection":[{"href":"https:\/\/sertv.gob.pa\/nacionalfm\/wp-json\/wp\/v2\/posts"}],"about":[{"href":"https:\/\/sertv.gob.pa\/nacionalfm\/wp-json\/wp\/v2\/types\/post"}],"author":[{"embeddable":true,"href":"https:\/\/sertv.gob.pa\/nacionalfm\/wp-json\/wp\/v2\/users\/1"}],"replies":[{"embeddable":true,"href":"https:\/\/sertv.gob.pa\/nacionalfm\/wp-json\/wp\/v2\/comments?post=4765"}],"version-history":[{"count":0,"href":"https:\/\/sertv.gob.pa\/nacionalfm\/wp-json\/wp\/v2\/posts\/4765\/revisions"}],"wp:featuredmedia":[{"embeddable":true,"href":"https:\/\/sertv.gob.pa\/nacionalfm\/wp-json\/wp\/v2\/media\/4766"}],"wp:attachment":[{"href":"https:\/\/sertv.gob.pa\/nacionalfm\/wp-json\/wp\/v2\/media?parent=4765"}],"wp:term":[{"taxonomy":"category","embeddable":true,"href":"https:\/\/sertv.gob.pa\/nacionalfm\/wp-json\/wp\/v2\/categories?post=4765"},{"taxonomy":"post_tag","embeddable":true,"href":"https:\/\/sertv.gob.pa\/nacionalfm\/wp-json\/wp\/v2\/tags?post=4765"}],"curies":[{"name":"wp","href":"https:\/\/api.w.org\/{rel}","templated":true}]}}