{"id":47668,"date":"2019-12-19T16:33:10","date_gmt":"2019-12-19T16:33:10","guid":{"rendered":"https:\/\/sertv.gob.pa\/nacionalfm\/?p=47668"},"modified":"2019-12-19T16:33:10","modified_gmt":"2019-12-19T16:33:10","slug":"b-51-2-millones-recaudo-la-direccion-general-de-ingresos","status":"publish","type":"post","link":"https:\/\/sertv.gob.pa\/nacionalfm\/b-51-2-millones-recaudo-la-direccion-general-de-ingresos\/","title":{"rendered":"B\/. 51.2 millones recaud\u00f3 la Direcci\u00f3n General de Ingresos"},"content":{"rendered":"<div class=\"fusion-fullwidth fullwidth-box fusion-builder-row-1 nonhundred-percent-fullwidth non-hundred-percent-height-scrolling\" style=\"--awb-border-radius-top-left:0px;--awb-border-radius-top-right:0px;--awb-border-radius-bottom-right:0px;--awb-border-radius-bottom-left:0px;--awb-flex-wrap:wrap;\" ><div class=\"fusion-builder-row fusion-row\"><div class=\"fusion-layout-column fusion_builder_column fusion-builder-column-0 fusion_builder_column_1_1 1_1 fusion-one-full fusion-column-first fusion-column-last\" style=\"--awb-bg-size:cover;\"><div class=\"fusion-column-wrapper fusion-column-has-shadow fusion-flex-column-wrapper-legacy\"><div class=\"fusion-text fusion-text-1\"><p>La Amnist\u00eda Tributaria, creada mediante la Ley 99 del 11 de octubre de 2019, rige desde el\u00a0 15 de octubre del presente a\u00f1o.<\/p>\n<p>La Direcci\u00f3n General de Ingresos (DGI), adscrita al Ministerio de Econom\u00eda y Finanzas (MEF), recaud\u00f3 B\/. 51,240,451.69 \u00a0en lo que va del periodo de Amnist\u00eda Tributaria. Siendo los tributos de mayor recaudaci\u00f3n, el Impuesto de Inmueble y de Renta Jur\u00eddica.<\/p>\n<p>El total de contribuyentes acogidos a la Amnist\u00eda Tributaria es de 31,242, de los cuales el 89% se han acogido en l\u00ednea, incluyendo hacer los arreglos de pago.<\/p>\n<p>Se les recuerda a los contribuyentes que, hasta el 31 de diciembre de 2019, se condonar\u00e1 el 95% de la totalidad de los intereses, recargos y multas.\u00a0 Hasta el 31 de enero de 2020 se condonar\u00e1 el 90% y hasta el 29 de febrero de 2020 se condonar\u00e1 el 85%.<\/p>\n<p>Adicional, hasta el 31 de diciembre de 2019 se podr\u00e1 hacer la presentaci\u00f3n tard\u00eda de informes por obligaciones de cumplimiento.<\/p>\n<p>No causar\u00e1 multa la declaraci\u00f3n de mejoras tard\u00edas, si los contribuyentes durante la vigencia de esta ley, presentan ante el Registro P\u00fablico una escritura p\u00fablica sobre la declaraci\u00f3n de mejoras construidas o mejoras adicionales y realizan la correspondiente actualizaci\u00f3n en la Autoridad Nacional de Administraci\u00f3n de Tierras (ANATI).<\/p>\n<p><strong>Devoluciones<\/strong><\/p>\n<p>Adem\u00e1s, la DGI tiene a bien anunciar que trabaja en los casos de devoluci\u00f3n de impuestos, los cuales existen desde 1998 hasta el 31 de diciembre de 2018.<\/p>\n<p>Al inicio de la presente administraci\u00f3n, se revel\u00f3 la existencia de 4,335 solicitudes de devoluci\u00f3n de impuesto que suman el monto de B\/. 78.6 millones, que fueron recibidas hasta el 31 de diciembre de 2018.<\/p>\n<p>A la fecha, se han logrado trabajar 1,567 expedientes de devoluci\u00f3n de impuesto, los cuales suman un monto de B\/. 14.6 millones.<\/p>\n<p>El 30 de noviembre de 2019, se asignaron recursos adicionales para impulsar el pago de las devoluciones, las cuales estaremos trabajando para concluirlas; y se espera que, para marzo 2020, se logre la conclusi\u00f3n de las mismas.<\/p>\n<p>Durante el proceso de contacto, hemos detectado la necesidad de actualizar nuestra base de datos, por ende, solicitamos a los contribuyentes que actualicen sus datos.<\/p>\n<p>Trabajamos para mejorar las relaciones con los contribuyentes y lograr una DGI m\u00e1s amigable, un ejemplo de ello es la atenci\u00f3n de las devoluciones que ten\u00edan hasta una d\u00e9cada de atraso. Seguiremos fortaleciendo esta relaci\u00f3n con la implementaci\u00f3n de procesos electr\u00f3nicos que faciliten el cumplimiento tributario y la atenci\u00f3n eficiente a los ciudadanos, sin embargo, tambi\u00e9n vamos a fortalecer el control de la DGI, mediante el uso de la informaci\u00f3n como la que nos brinda la factura electr\u00f3nica, impresora fiscal y la declaraci\u00f3n de ventas y compras.<\/p>\n<\/div><div class=\"awb-gallery-wrapper awb-gallery-wrapper-1 button-span-no\"><div style=\"margin:-5px;--awb-bordersize:0px;\" class=\"fusion-gallery fusion-gallery-container fusion-grid-3 fusion-columns-total-1 fusion-gallery-layout-grid fusion-gallery-1\"><div style=\"padding:5px;\" class=\"fusion-grid-column fusion-gallery-column fusion-gallery-column-3 hover-type-none\"><div class=\"fusion-gallery-image\"><a href=\"https:\/\/sertv.gob.pa\/nacionalfm\/wp-content\/uploads\/sites\/6\/2019\/12\/Conferencia-rev-2.jpg\" rel=\"noreferrer\" data-rel=\"iLightbox[gallery_image_1]\" class=\"fusion-lightbox\" target=\"_self\"><img decoding=\"async\" src=\"https:\/\/sertv.gob.pa\/nacionalfm\/wp-content\/uploads\/sites\/6\/2019\/12\/Conferencia-rev-2.jpg\" width=\"640\" height=\"268\" alt=\"\" title=\"Conferencia-rev-2\" aria-label=\"Conferencia-rev-2\" class=\"img-responsive wp-image-47671\" srcset=\"https:\/\/sertv.gob.pa\/nacionalfm\/wp-content\/uploads\/sites\/6\/2019\/12\/Conferencia-rev-2-200x84.jpg 200w, https:\/\/sertv.gob.pa\/nacionalfm\/wp-content\/uploads\/sites\/6\/2019\/12\/Conferencia-rev-2-400x168.jpg 400w, https:\/\/sertv.gob.pa\/nacionalfm\/wp-content\/uploads\/sites\/6\/2019\/12\/Conferencia-rev-2-600x251.jpg 600w, https:\/\/sertv.gob.pa\/nacionalfm\/wp-content\/uploads\/sites\/6\/2019\/12\/Conferencia-rev-2.jpg 640w\" sizes=\"(min-width: 2200px) 100vw, (min-width: 784px) 363px, (min-width: 712px) 545px, (min-width: 640px) 712px, \" \/><\/a><\/div><\/div><\/div><\/div><div class=\"fusion-clearfix\"><\/div><\/div><\/div><\/div><\/div>\n","protected":false},"excerpt":{"rendered":"","protected":false},"author":34,"featured_media":47671,"comment_status":"closed","ping_status":"closed","sticky":false,"template":"","format":"standard","meta":{"footnotes":""},"categories":[2],"tags":[],"class_list":["post-47668","post","type-post","status-publish","format-standard","has-post-thumbnail","hentry","category-nacionales"],"_links":{"self":[{"href":"https:\/\/sertv.gob.pa\/nacionalfm\/wp-json\/wp\/v2\/posts\/47668","targetHints":{"allow":["GET"]}}],"collection":[{"href":"https:\/\/sertv.gob.pa\/nacionalfm\/wp-json\/wp\/v2\/posts"}],"about":[{"href":"https:\/\/sertv.gob.pa\/nacionalfm\/wp-json\/wp\/v2\/types\/post"}],"author":[{"embeddable":true,"href":"https:\/\/sertv.gob.pa\/nacionalfm\/wp-json\/wp\/v2\/users\/34"}],"replies":[{"embeddable":true,"href":"https:\/\/sertv.gob.pa\/nacionalfm\/wp-json\/wp\/v2\/comments?post=47668"}],"version-history":[{"count":1,"href":"https:\/\/sertv.gob.pa\/nacionalfm\/wp-json\/wp\/v2\/posts\/47668\/revisions"}],"predecessor-version":[{"id":47673,"href":"https:\/\/sertv.gob.pa\/nacionalfm\/wp-json\/wp\/v2\/posts\/47668\/revisions\/47673"}],"wp:featuredmedia":[{"embeddable":true,"href":"https:\/\/sertv.gob.pa\/nacionalfm\/wp-json\/wp\/v2\/media\/47671"}],"wp:attachment":[{"href":"https:\/\/sertv.gob.pa\/nacionalfm\/wp-json\/wp\/v2\/media?parent=47668"}],"wp:term":[{"taxonomy":"category","embeddable":true,"href":"https:\/\/sertv.gob.pa\/nacionalfm\/wp-json\/wp\/v2\/categories?post=47668"},{"taxonomy":"post_tag","embeddable":true,"href":"https:\/\/sertv.gob.pa\/nacionalfm\/wp-json\/wp\/v2\/tags?post=47668"}],"curies":[{"name":"wp","href":"https:\/\/api.w.org\/{rel}","templated":true}]}}