{"id":4767,"date":"2015-03-27T15:23:21","date_gmt":"2015-03-27T15:23:21","guid":{"rendered":""},"modified":"2015-03-27T15:23:21","modified_gmt":"2015-03-27T15:23:21","slug":"carcel-de-mujeres-es-fumigada","status":"publish","type":"post","link":"https:\/\/sertv.gob.pa\/nacionalfm\/carcel-de-mujeres-es-fumigada\/","title":{"rendered":"C\u00e1rcel de mujeres es fumigada"},"content":{"rendered":"<p>\nEl Sistema Penitenciario con el apoyo de una empresa privada y el Ministerio de Salud realizaron una jornada de fumigaci\u00f3n en el Centro Femenino de Rehabilitaci\u00f3n, Cecilia Orillac de Chiari, para esterilizar las zonas contaminadas con g\u00e9rmenes o bacterias. <\/p>\n<p>La fumigaci\u00f3n fue efectuada por la empresa Tomi S.A., en los hogares de las privadas de libertad, centro parvulario, zonas verdes, controles de visitas, cl\u00ednica, cocina y el \u00e1rea administrativa. <\/p>\n<p>Lizeth Berrocal, directora del centro femenino, se\u00f1al\u00f3 que esta fumigaci\u00f3n la est\u00e1 haciendo esta empresa de forma gratuita como parte de su responsabilidad empresarial y en apoyo al Sistema Penitenciario. <\/p>\n<p>Berrocal, a\u00f1adi\u00f3 que las 16 muestras que las autoridades del Centro de Salud de R\u00edo Abajo le tomaron a las privadas de libertad resultaron negativas y que s\u00f3lo se mantienen los 3 casos de TB simple que confirmaron las autoridades de Salud y que las tres privadas se mantienen aisladas y bajo tratamiento m\u00e9dico. <\/p>\n<p>\u00a0 <\/p>\n","protected":false},"excerpt":{"rendered":"<p>El Sistema Penitenciario con el apoyo de una empresa privada <a href=\"https:\/\/sertv.gob.pa\/nacionalfm\/carcel-de-mujeres-es-fumigada\/\"> [&#8230;]<\/a><\/p>\n","protected":false},"author":1,"featured_media":4768,"comment_status":"closed","ping_status":"closed","sticky":false,"template":"","format":"standard","meta":{"footnotes":""},"categories":[5],"tags":[],"class_list":["post-4767","post","type-post","status-publish","format-standard","has-post-thumbnail","hentry","category-salud"],"_links":{"self":[{"href":"https:\/\/sertv.gob.pa\/nacionalfm\/wp-json\/wp\/v2\/posts\/4767","targetHints":{"allow":["GET"]}}],"collection":[{"href":"https:\/\/sertv.gob.pa\/nacionalfm\/wp-json\/wp\/v2\/posts"}],"about":[{"href":"https:\/\/sertv.gob.pa\/nacionalfm\/wp-json\/wp\/v2\/types\/post"}],"author":[{"embeddable":true,"href":"https:\/\/sertv.gob.pa\/nacionalfm\/wp-json\/wp\/v2\/users\/1"}],"replies":[{"embeddable":true,"href":"https:\/\/sertv.gob.pa\/nacionalfm\/wp-json\/wp\/v2\/comments?post=4767"}],"version-history":[{"count":0,"href":"https:\/\/sertv.gob.pa\/nacionalfm\/wp-json\/wp\/v2\/posts\/4767\/revisions"}],"wp:featuredmedia":[{"embeddable":true,"href":"https:\/\/sertv.gob.pa\/nacionalfm\/wp-json\/wp\/v2\/media\/4768"}],"wp:attachment":[{"href":"https:\/\/sertv.gob.pa\/nacionalfm\/wp-json\/wp\/v2\/media?parent=4767"}],"wp:term":[{"taxonomy":"category","embeddable":true,"href":"https:\/\/sertv.gob.pa\/nacionalfm\/wp-json\/wp\/v2\/categories?post=4767"},{"taxonomy":"post_tag","embeddable":true,"href":"https:\/\/sertv.gob.pa\/nacionalfm\/wp-json\/wp\/v2\/tags?post=4767"}],"curies":[{"name":"wp","href":"https:\/\/api.w.org\/{rel}","templated":true}]}}