{"id":4769,"date":"2015-03-27T19:16:28","date_gmt":"2015-03-27T19:16:28","guid":{"rendered":""},"modified":"2015-03-27T19:16:28","modified_gmt":"2015-03-27T19:16:28","slug":"vacunacion-disminuye-muerte-subita-del-lactante","status":"publish","type":"post","link":"https:\/\/sertv.gob.pa\/nacionalfm\/vacunacion-disminuye-muerte-subita-del-lactante\/","title":{"rendered":"Vacunaci\u00f3n disminuye muerte s\u00fabita del lactante"},"content":{"rendered":"<p>\nCient\u00edficos de la cl\u00ednica universitaria Charit\u00e9 de Berl\u00edn han concluido que, cuanto m\u00e1s elevada es la tasa de vacunaci\u00f3n contra enfermedades como la difteria, el t\u00e9tanos y la tosferina, menor es la frecuencia de casos de muerte s\u00fabita del lactante. <\/p>\n<p>Los expertos han llegado a esta conclusi\u00f3n a partir de la evaluaci\u00f3n de informaci\u00f3n compilada durante varias d\u00e9cadas, seg\u00fan inform\u00f3 la Charit\u00e9 en un comunicado. <\/p>\n<p>En los \u00faltimos 40 a\u00f1os, la tasa de vacunaci\u00f3n en Estados Unidos ha ido variando de acuerdo a las tendencias imperantes en la sociedad e igualmente, aunque de forma proporcionalmente inversa, ha oscilado la cifra de casos de muerte s\u00fabita en lactantes. <\/p>\n<p>&lsquo;Nuestra investigaci\u00f3n muestra que las vacunas cl\u00e1sicas en edad de lactancia contra la tosferina, la difteria, el t\u00e9tanos, la polio o la gripe hemof\u00edlica no est\u00e1n relacionadas con un riesgo mayor de muerte s\u00fabita del lactante&rsquo;, indic\u00f3 Jacqueline M\u00fcller-Nordhorn, directora y portavoz del Berlin School of Public Health (BSPH). <\/p>\n<p>\u00a0 <\/p>\n","protected":false},"excerpt":{"rendered":"<p>Cient\u00edficos de la cl\u00ednica universitaria Charit\u00e9 de Berl\u00edn han concluido <a href=\"https:\/\/sertv.gob.pa\/nacionalfm\/vacunacion-disminuye-muerte-subita-del-lactante\/\"> [&#8230;]<\/a><\/p>\n","protected":false},"author":1,"featured_media":4770,"comment_status":"closed","ping_status":"closed","sticky":false,"template":"","format":"standard","meta":{"footnotes":""},"categories":[5],"tags":[],"class_list":["post-4769","post","type-post","status-publish","format-standard","has-post-thumbnail","hentry","category-salud"],"_links":{"self":[{"href":"https:\/\/sertv.gob.pa\/nacionalfm\/wp-json\/wp\/v2\/posts\/4769","targetHints":{"allow":["GET"]}}],"collection":[{"href":"https:\/\/sertv.gob.pa\/nacionalfm\/wp-json\/wp\/v2\/posts"}],"about":[{"href":"https:\/\/sertv.gob.pa\/nacionalfm\/wp-json\/wp\/v2\/types\/post"}],"author":[{"embeddable":true,"href":"https:\/\/sertv.gob.pa\/nacionalfm\/wp-json\/wp\/v2\/users\/1"}],"replies":[{"embeddable":true,"href":"https:\/\/sertv.gob.pa\/nacionalfm\/wp-json\/wp\/v2\/comments?post=4769"}],"version-history":[{"count":0,"href":"https:\/\/sertv.gob.pa\/nacionalfm\/wp-json\/wp\/v2\/posts\/4769\/revisions"}],"wp:featuredmedia":[{"embeddable":true,"href":"https:\/\/sertv.gob.pa\/nacionalfm\/wp-json\/wp\/v2\/media\/4770"}],"wp:attachment":[{"href":"https:\/\/sertv.gob.pa\/nacionalfm\/wp-json\/wp\/v2\/media?parent=4769"}],"wp:term":[{"taxonomy":"category","embeddable":true,"href":"https:\/\/sertv.gob.pa\/nacionalfm\/wp-json\/wp\/v2\/categories?post=4769"},{"taxonomy":"post_tag","embeddable":true,"href":"https:\/\/sertv.gob.pa\/nacionalfm\/wp-json\/wp\/v2\/tags?post=4769"}],"curies":[{"name":"wp","href":"https:\/\/api.w.org\/{rel}","templated":true}]}}