{"id":4795,"date":"2015-03-30T18:58:32","date_gmt":"2015-03-30T18:58:32","guid":{"rendered":""},"modified":"2015-03-30T18:58:32","modified_gmt":"2015-03-30T18:58:32","slug":"planta-nativa-de-colombia-es-estudiada-para-la-hipertension","status":"publish","type":"post","link":"https:\/\/sertv.gob.pa\/nacionalfm\/planta-nativa-de-colombia-es-estudiada-para-la-hipertension\/","title":{"rendered":"Planta nativa de Colombia es estudiada para la hipertensi\u00f3n"},"content":{"rendered":"<p>\nUna especie que todav\u00eda no hace parte del inventario oficial de plantas medicinales puede convertirse en un tratamiento natural contra la hipertensi\u00f3n gracias a una investigaci\u00f3n desarrollada en Colombia que ya est\u00e1 en fase de verificaci\u00f3n como paso previo para su salida al mercado. <\/p>\n<p>Desde hace tres a\u00f1os, el laboratorio Aral Thel, situado en la localidad de Calarc\u00e1 (centro) y que ya elabora 32 productos fitoterap\u00e9uticos y suplementos dietarios, se ali\u00f3 con la Universidad del Quind\u00edo para emprender el estudio apoyado por el Departamento Administrativo de Ciencia, Tecnolog\u00eda e Innovaci\u00f3n (Colciencias). <\/p>\n<p>Aral Thel hizo el hallazgo como parte de las investigaciones que efect\u00faa desde hace 25 a\u00f1os sobre las especies nativas, a partir de las cuales ha desarrollado medicamentos naturales a base de plantas, frutas y verduras colombianas. <\/p>\n<p>\u00abInicialmente encontramos que la planta tiene una acci\u00f3n importante para combatir la hipertensi\u00f3n y puede incluso superar la acci\u00f3n de uno de los medicamentos m\u00e1s empleados para tratar esa patolog\u00eda\u00bb, dijo a Colombia.inn, agencia operada por Efe, la directora ejecutiva de Aral Thel, Lucena Bustamante. <\/p>\n<p>La empresa no divulgar\u00e1 el nombre de la planta hasta no concluir la investigaci\u00f3n para preservar el secreto industrial. <\/p>\n<p>La investigaci\u00f3n, que significar\u00eda una nueva alternativa para tratar una enfermedad que se cobra anualmente la vida de 9,3 millones de personas en el mundo, entr\u00f3 en una segunda fase para analizar la toxicidad de la especie. <\/p>\n<p>\u00abSi la investigaci\u00f3n arroja que la planta no es t\u00f3xica podemos proponer su inclusi\u00f3n en el vadem\u00e9cum colombiano y avanzar en la obtenci\u00f3n del primer extracto natural contra la hipertensi\u00f3n\u00bb, asegur\u00f3 Bustamante. <\/p>\n<p>Aral Thel ha logrado elaborar extractos, jaleas y jarabes para tratar lupus, psoriasis, migra\u00f1a, fibromialgia, artrosis, cardiopat\u00edas, artritis, psicosis, enfermedades autoinmunes y afecciones pulmonares, renales y circulatorias, entre otras. <\/p>\n<p>\u00a0 <\/p>\n","protected":false},"excerpt":{"rendered":"<p>Una especie que todav\u00eda no hace parte del inventario oficial <a href=\"https:\/\/sertv.gob.pa\/nacionalfm\/planta-nativa-de-colombia-es-estudiada-para-la-hipertension\/\"> [&#8230;]<\/a><\/p>\n","protected":false},"author":1,"featured_media":4796,"comment_status":"closed","ping_status":"closed","sticky":false,"template":"","format":"standard","meta":{"footnotes":""},"categories":[5],"tags":[],"class_list":["post-4795","post","type-post","status-publish","format-standard","has-post-thumbnail","hentry","category-salud"],"_links":{"self":[{"href":"https:\/\/sertv.gob.pa\/nacionalfm\/wp-json\/wp\/v2\/posts\/4795","targetHints":{"allow":["GET"]}}],"collection":[{"href":"https:\/\/sertv.gob.pa\/nacionalfm\/wp-json\/wp\/v2\/posts"}],"about":[{"href":"https:\/\/sertv.gob.pa\/nacionalfm\/wp-json\/wp\/v2\/types\/post"}],"author":[{"embeddable":true,"href":"https:\/\/sertv.gob.pa\/nacionalfm\/wp-json\/wp\/v2\/users\/1"}],"replies":[{"embeddable":true,"href":"https:\/\/sertv.gob.pa\/nacionalfm\/wp-json\/wp\/v2\/comments?post=4795"}],"version-history":[{"count":0,"href":"https:\/\/sertv.gob.pa\/nacionalfm\/wp-json\/wp\/v2\/posts\/4795\/revisions"}],"wp:featuredmedia":[{"embeddable":true,"href":"https:\/\/sertv.gob.pa\/nacionalfm\/wp-json\/wp\/v2\/media\/4796"}],"wp:attachment":[{"href":"https:\/\/sertv.gob.pa\/nacionalfm\/wp-json\/wp\/v2\/media?parent=4795"}],"wp:term":[{"taxonomy":"category","embeddable":true,"href":"https:\/\/sertv.gob.pa\/nacionalfm\/wp-json\/wp\/v2\/categories?post=4795"},{"taxonomy":"post_tag","embeddable":true,"href":"https:\/\/sertv.gob.pa\/nacionalfm\/wp-json\/wp\/v2\/tags?post=4795"}],"curies":[{"name":"wp","href":"https:\/\/api.w.org\/{rel}","templated":true}]}}