{"id":4799,"date":"2015-03-30T20:31:05","date_gmt":"2015-03-30T20:31:05","guid":{"rendered":""},"modified":"2015-03-30T20:31:05","modified_gmt":"2015-03-30T20:31:05","slug":"en-uruguay-los-abortos-legales-se-incrementaron","status":"publish","type":"post","link":"https:\/\/sertv.gob.pa\/nacionalfm\/en-uruguay-los-abortos-legales-se-incrementaron\/","title":{"rendered":"En Uruguay los abortos legales se incrementaron"},"content":{"rendered":"<p>\nEl Ministerio de Salud P\u00fablica de Uruguay inform\u00f3 que el pasado a\u00f1o se produjeron 8.500 interrupciones voluntarias de embarazo, un 20% m\u00e1s que el a\u00f1o anterior. <\/p>\n<p>Uruguay despenaliz\u00f3 a finales de 2012 la interrupci\u00f3n voluntaria del embarazo en sus primeras 12 semanas. <\/p>\n<p>Seg\u00fan el ministerio, doce de cada mil mujeres de entre 15 y 45 a\u00f1os se sometieron a un aborto en Uruguay, \u00abporcentajes que est\u00e1n por debajo de los que a nivel internacional se conocen, como por ejemplo en los pa\u00edses n\u00f3rdicos\u00bb, indicaron miembros de la instituci\u00f3n en un comunicado. <\/p>\n<p>El gobierno uruguayo se\u00f1al\u00f3 que del total de las mujeres que abortaron el 18% eran menores de 20 a\u00f1os. <\/p>\n<p>Por otra parte, indic\u00f3 que un 9% de las mujeres que se plante\u00f3 abortar decidi\u00f3 continuar el embarazo luego de recibir asesor\u00eda de un equipo m\u00e9dico, un 30% m\u00e1s que el a\u00f1o anterior. <\/p>\n<p>La ley uruguaya requiere que una vez que la mujer exprese su voluntad de interrumpir el embarazo hable con un panel de profesionales sobre los riesgos, las opciones y los programas de apoyo a la maternidad. <\/p>\n<p>El ministerio destaca que en 2014 \u00abno se produjeron en Uruguay muertes maternas por aborto\u00bb. <\/p>\n<p>\u00a0 <\/p>\n","protected":false},"excerpt":{"rendered":"<p>El Ministerio de Salud P\u00fablica de Uruguay inform\u00f3 que el <a href=\"https:\/\/sertv.gob.pa\/nacionalfm\/en-uruguay-los-abortos-legales-se-incrementaron\/\"> [&#8230;]<\/a><\/p>\n","protected":false},"author":1,"featured_media":4800,"comment_status":"closed","ping_status":"closed","sticky":false,"template":"","format":"standard","meta":{"footnotes":""},"categories":[5],"tags":[],"class_list":["post-4799","post","type-post","status-publish","format-standard","has-post-thumbnail","hentry","category-salud"],"_links":{"self":[{"href":"https:\/\/sertv.gob.pa\/nacionalfm\/wp-json\/wp\/v2\/posts\/4799","targetHints":{"allow":["GET"]}}],"collection":[{"href":"https:\/\/sertv.gob.pa\/nacionalfm\/wp-json\/wp\/v2\/posts"}],"about":[{"href":"https:\/\/sertv.gob.pa\/nacionalfm\/wp-json\/wp\/v2\/types\/post"}],"author":[{"embeddable":true,"href":"https:\/\/sertv.gob.pa\/nacionalfm\/wp-json\/wp\/v2\/users\/1"}],"replies":[{"embeddable":true,"href":"https:\/\/sertv.gob.pa\/nacionalfm\/wp-json\/wp\/v2\/comments?post=4799"}],"version-history":[{"count":0,"href":"https:\/\/sertv.gob.pa\/nacionalfm\/wp-json\/wp\/v2\/posts\/4799\/revisions"}],"wp:featuredmedia":[{"embeddable":true,"href":"https:\/\/sertv.gob.pa\/nacionalfm\/wp-json\/wp\/v2\/media\/4800"}],"wp:attachment":[{"href":"https:\/\/sertv.gob.pa\/nacionalfm\/wp-json\/wp\/v2\/media?parent=4799"}],"wp:term":[{"taxonomy":"category","embeddable":true,"href":"https:\/\/sertv.gob.pa\/nacionalfm\/wp-json\/wp\/v2\/categories?post=4799"},{"taxonomy":"post_tag","embeddable":true,"href":"https:\/\/sertv.gob.pa\/nacionalfm\/wp-json\/wp\/v2\/tags?post=4799"}],"curies":[{"name":"wp","href":"https:\/\/api.w.org\/{rel}","templated":true}]}}