{"id":4815,"date":"2015-03-31T19:04:43","date_gmt":"2015-03-31T19:04:43","guid":{"rendered":""},"modified":"2015-03-31T19:04:43","modified_gmt":"2015-03-31T19:04:43","slug":"dia-internacional-de-prevencion-del-cancer-de-colon","status":"publish","type":"post","link":"https:\/\/sertv.gob.pa\/nacionalfm\/dia-internacional-de-prevencion-del-cancer-de-colon\/","title":{"rendered":"D\u00eda Internacional de Prevenci\u00f3n del C\u00e1ncer de Colon"},"content":{"rendered":"<p>\nHoy, 31 de marzo, fecha en que se conmemora el  D\u00eda Internacional de la Prevenci\u00f3n del C\u00e1ncer de Colon , se aprovecha esta ocasi\u00f3n para recordar que esta enfermedad es curable en el 90% de los casos si se detecta en etapa temprana y el paciente no sufre una reca\u00edda o met\u00e1stasis en los cinco a\u00f1os posteriores a su diagn\u00f3stico, seg\u00fan la Sociedad Americana contra el C\u00e1ncer <\/p>\n<p>Tanto en mujeres como en hombres, el c\u00e1ncer colorrectal es la tercera causa de incidencia y mortalidad por c\u00e1ncer en Am\u00e9rica, donde cada a\u00f1o se producen m\u00e1s de 245 mil nuevos casos y 112 mil muertes por este tipo de c\u00e1ncer, seg\u00fan registra el documento Epidemiolog\u00eda del c\u00e1ncer colorrectal en las Am\u00e9ricas (2014) de la Organizaci\u00f3n Panamericana de la Salud <\/p>\n<p>En el pa\u00eds, la cifra de este tipo de c\u00e1ncer atendida en el Instituto Oncol\u00f3gico Nacional\u00a0( ION ) en 2014 fue de 189 casos, siendo este el quinto tipo de tumor maligno m\u00e1s atendido en el nosocomio. <\/p>\n<p>\u00a0 <\/p>\n<p>\u00a0 <\/p>\n","protected":false},"excerpt":{"rendered":"<p>Hoy, 31 de marzo, fecha en que se conmemora el <a href=\"https:\/\/sertv.gob.pa\/nacionalfm\/dia-internacional-de-prevencion-del-cancer-de-colon\/\"> [&#8230;]<\/a><\/p>\n","protected":false},"author":1,"featured_media":4816,"comment_status":"closed","ping_status":"closed","sticky":false,"template":"","format":"standard","meta":{"footnotes":""},"categories":[5],"tags":[],"class_list":["post-4815","post","type-post","status-publish","format-standard","has-post-thumbnail","hentry","category-salud"],"_links":{"self":[{"href":"https:\/\/sertv.gob.pa\/nacionalfm\/wp-json\/wp\/v2\/posts\/4815","targetHints":{"allow":["GET"]}}],"collection":[{"href":"https:\/\/sertv.gob.pa\/nacionalfm\/wp-json\/wp\/v2\/posts"}],"about":[{"href":"https:\/\/sertv.gob.pa\/nacionalfm\/wp-json\/wp\/v2\/types\/post"}],"author":[{"embeddable":true,"href":"https:\/\/sertv.gob.pa\/nacionalfm\/wp-json\/wp\/v2\/users\/1"}],"replies":[{"embeddable":true,"href":"https:\/\/sertv.gob.pa\/nacionalfm\/wp-json\/wp\/v2\/comments?post=4815"}],"version-history":[{"count":0,"href":"https:\/\/sertv.gob.pa\/nacionalfm\/wp-json\/wp\/v2\/posts\/4815\/revisions"}],"wp:featuredmedia":[{"embeddable":true,"href":"https:\/\/sertv.gob.pa\/nacionalfm\/wp-json\/wp\/v2\/media\/4816"}],"wp:attachment":[{"href":"https:\/\/sertv.gob.pa\/nacionalfm\/wp-json\/wp\/v2\/media?parent=4815"}],"wp:term":[{"taxonomy":"category","embeddable":true,"href":"https:\/\/sertv.gob.pa\/nacionalfm\/wp-json\/wp\/v2\/categories?post=4815"},{"taxonomy":"post_tag","embeddable":true,"href":"https:\/\/sertv.gob.pa\/nacionalfm\/wp-json\/wp\/v2\/tags?post=4815"}],"curies":[{"name":"wp","href":"https:\/\/api.w.org\/{rel}","templated":true}]}}