{"id":4821,"date":"2015-04-01T15:16:03","date_gmt":"2015-04-01T15:16:03","guid":{"rendered":""},"modified":"2015-04-01T15:16:03","modified_gmt":"2015-04-01T15:16:03","slug":"virus-hanta-se-reporta-en-los-santos-y-nata","status":"publish","type":"post","link":"https:\/\/sertv.gob.pa\/nacionalfm\/virus-hanta-se-reporta-en-los-santos-y-nata\/","title":{"rendered":"Virus hanta se reporta en Los Santos y Nat\u00e1"},"content":{"rendered":"<p>\nNahir Cede\u00f1o, directora de Salud de Los Santos, report\u00f3 2 nuevos casos de virus hanta. Se trata de una paciente de 26 a\u00f1os, vecina de B\u00facaro, distrito de Tonos\u00ed, y otra de 46 a\u00f1os, residente de Las Tablas. <\/p>\n<p>A\u00f1adi\u00f3 que ambas est\u00e1n intubadas en la unidad de cuidados intensivos del hospital Joaqu\u00edn Pablo Franco Sayas, de Las Tablas, dada su delicada condici\u00f3n. <\/p>\n<p>Con estos dos nuevos casos se totalizan nueve en la provincia de Los Santos en lo que va de 2015, de los cuales seis son de Tonos\u00ed, dos de Las Tablas y uno de Pedas\u00ed. <\/p>\n<p>En tanto, una mujer de 50 a\u00f1os, moradora de Capellan\u00eda, distrito de Nat\u00e1, se encuentra recluida en la sala de cuidados intensivos del hospital regional Rafael Est\u00e9vez de Aguadulce, ya que luego de pruebas m\u00e9dicas se confirm\u00f3 que padec\u00eda virus hanta. <\/p>\n<p>Domiciano Espino, epidemi\u00f3logo de la regi\u00f3n de Salud de Cocl\u00e9, inform\u00f3 que hasta el momento la paciente evoluciona bien. <\/p>\n<p>\u00a0 <\/p>\n","protected":false},"excerpt":{"rendered":"<p>Nahir Cede\u00f1o, directora de Salud de Los Santos, report\u00f3 2 <a href=\"https:\/\/sertv.gob.pa\/nacionalfm\/virus-hanta-se-reporta-en-los-santos-y-nata\/\"> [&#8230;]<\/a><\/p>\n","protected":false},"author":1,"featured_media":4822,"comment_status":"closed","ping_status":"closed","sticky":false,"template":"","format":"standard","meta":{"footnotes":""},"categories":[5],"tags":[],"class_list":["post-4821","post","type-post","status-publish","format-standard","has-post-thumbnail","hentry","category-salud"],"_links":{"self":[{"href":"https:\/\/sertv.gob.pa\/nacionalfm\/wp-json\/wp\/v2\/posts\/4821","targetHints":{"allow":["GET"]}}],"collection":[{"href":"https:\/\/sertv.gob.pa\/nacionalfm\/wp-json\/wp\/v2\/posts"}],"about":[{"href":"https:\/\/sertv.gob.pa\/nacionalfm\/wp-json\/wp\/v2\/types\/post"}],"author":[{"embeddable":true,"href":"https:\/\/sertv.gob.pa\/nacionalfm\/wp-json\/wp\/v2\/users\/1"}],"replies":[{"embeddable":true,"href":"https:\/\/sertv.gob.pa\/nacionalfm\/wp-json\/wp\/v2\/comments?post=4821"}],"version-history":[{"count":0,"href":"https:\/\/sertv.gob.pa\/nacionalfm\/wp-json\/wp\/v2\/posts\/4821\/revisions"}],"wp:featuredmedia":[{"embeddable":true,"href":"https:\/\/sertv.gob.pa\/nacionalfm\/wp-json\/wp\/v2\/media\/4822"}],"wp:attachment":[{"href":"https:\/\/sertv.gob.pa\/nacionalfm\/wp-json\/wp\/v2\/media?parent=4821"}],"wp:term":[{"taxonomy":"category","embeddable":true,"href":"https:\/\/sertv.gob.pa\/nacionalfm\/wp-json\/wp\/v2\/categories?post=4821"},{"taxonomy":"post_tag","embeddable":true,"href":"https:\/\/sertv.gob.pa\/nacionalfm\/wp-json\/wp\/v2\/tags?post=4821"}],"curies":[{"name":"wp","href":"https:\/\/api.w.org\/{rel}","templated":true}]}}