{"id":483,"date":"2014-07-23T05:00:00","date_gmt":"2014-07-23T05:00:00","guid":{"rendered":""},"modified":"2014-07-23T05:00:00","modified_gmt":"2014-07-23T05:00:00","slug":"sala-de-hemodialisis-es-requerida-por-la-comunidad-de-anton","status":"publish","type":"post","link":"https:\/\/sertv.gob.pa\/nacionalfm\/sala-de-hemodialisis-es-requerida-por-la-comunidad-de-anton\/","title":{"rendered":"Sala de hemodi\u00e1lisis es requerida por la comunidad de Ant\u00f3n"},"content":{"rendered":"<p>\nUna propuesta para citar al ministro de Salud, Oscar Terrientes, para exponerle la necesidad de establecer una sala de hemodi\u00e1lisis en el hospital Aquilino Tejeira de Penonom\u00e9, fue llevada al Consejo Provincial de Coordinaci\u00f3n de Cocl\u00e9 por Ediles del distrito de Ant\u00f3n. <\/p>\n<p>La propuesta, presentada por Ernesto Ojo, representante del corregimiento de San Juan de Dios, fue aprobada en el Consejo Municipal de Ant\u00f3n, debido a que, seg\u00fan los concejales, solo en este distrito unas 500 personas sufren de insuficiencia renal y muchas de ellas no tienen acceso al tratamiento por la falta de recursos, o porque tienen que viajar hasta Aguadulce, Panam\u00e1, La Chorrera o Santiago de Veraguas. <\/p>\n<p>Ojo explic\u00f3 que la situaci\u00f3n es realmente preocupante, y que aunque saben que la prevenci\u00f3n es necesaria a trav\u00e9s de la atenci\u00f3n primaria y capacitaci\u00f3n a la poblaci\u00f3n, ya existe una gran cantidad de personas afectadas que requieren atenci\u00f3n. <\/p>\n<p>Cifras del hospital Rafael Est\u00e9vez de Aguadulce se\u00f1alan que por turno en la sala de hemodi\u00e1lisis de ese nosocomio se atiende a 160 pacientes, lo que indica que la cantidad supera los 480 pacientes diarios en toda la provincia. <\/p>\n<p>En tanto, en la Cl\u00ednica de Salud Renal del hospital Aquilino Tejeira, donde se brinda atenci\u00f3n preventiva, la cifra de pacientes y en riesgo de caer en insuficiencia renal supera los 800 casos. @nacionalFm <\/p>\n<p>\u00a0 <\/p>\n","protected":false},"excerpt":{"rendered":"<p>Una propuesta para citar al ministro de Salud, Oscar Terrientes, <a href=\"https:\/\/sertv.gob.pa\/nacionalfm\/sala-de-hemodialisis-es-requerida-por-la-comunidad-de-anton\/\"> [&#8230;]<\/a><\/p>\n","protected":false},"author":1,"featured_media":484,"comment_status":"closed","ping_status":"closed","sticky":false,"template":"","format":"standard","meta":{"footnotes":""},"categories":[5],"tags":[],"class_list":["post-483","post","type-post","status-publish","format-standard","has-post-thumbnail","hentry","category-salud"],"_links":{"self":[{"href":"https:\/\/sertv.gob.pa\/nacionalfm\/wp-json\/wp\/v2\/posts\/483","targetHints":{"allow":["GET"]}}],"collection":[{"href":"https:\/\/sertv.gob.pa\/nacionalfm\/wp-json\/wp\/v2\/posts"}],"about":[{"href":"https:\/\/sertv.gob.pa\/nacionalfm\/wp-json\/wp\/v2\/types\/post"}],"author":[{"embeddable":true,"href":"https:\/\/sertv.gob.pa\/nacionalfm\/wp-json\/wp\/v2\/users\/1"}],"replies":[{"embeddable":true,"href":"https:\/\/sertv.gob.pa\/nacionalfm\/wp-json\/wp\/v2\/comments?post=483"}],"version-history":[{"count":0,"href":"https:\/\/sertv.gob.pa\/nacionalfm\/wp-json\/wp\/v2\/posts\/483\/revisions"}],"wp:featuredmedia":[{"embeddable":true,"href":"https:\/\/sertv.gob.pa\/nacionalfm\/wp-json\/wp\/v2\/media\/484"}],"wp:attachment":[{"href":"https:\/\/sertv.gob.pa\/nacionalfm\/wp-json\/wp\/v2\/media?parent=483"}],"wp:term":[{"taxonomy":"category","embeddable":true,"href":"https:\/\/sertv.gob.pa\/nacionalfm\/wp-json\/wp\/v2\/categories?post=483"},{"taxonomy":"post_tag","embeddable":true,"href":"https:\/\/sertv.gob.pa\/nacionalfm\/wp-json\/wp\/v2\/tags?post=483"}],"curies":[{"name":"wp","href":"https:\/\/api.w.org\/{rel}","templated":true}]}}