{"id":4839,"date":"2015-04-01T18:35:56","date_gmt":"2015-04-01T18:35:56","guid":{"rendered":""},"modified":"2015-04-01T18:35:56","modified_gmt":"2015-04-01T18:35:56","slug":"horario-de-atencion-medica-sera-extendido-por-semana-santa","status":"publish","type":"post","link":"https:\/\/sertv.gob.pa\/nacionalfm\/horario-de-atencion-medica-sera-extendido-por-semana-santa\/","title":{"rendered":"Horario de atenci\u00f3n m\u00e9dica ser\u00e1 extendido por Semana Santa"},"content":{"rendered":"<p>\nLa Regi\u00f3n de Salud de San Miguelito se mantendr\u00e1 en \u00abAlerta Verde de Prevenci\u00f3n \u00a0Institucional\u00bb por motivo de conmemorarse en todo el pa\u00eds la Semana Santa y extender\u00e1 \u00a0el \u00a0horario de atenci\u00f3n en el \u00a0Centros de Salud de Torrijos Carter y reforzar\u00e1 el personal m\u00e9dico en el Centro de Salud de San Isidro. <\/p>\n<p>Esta alerta iniciar\u00e1 a \u00a0partir de las 12:00 mediod\u00eda de ma\u00f1ana 2 de abril hasta las 6:00 de la tarde del domingo 5 de abril, siguiendo los lineamientos de la Direcci\u00f3n\u00a0 General de Salud del Ministerio de Salud (MINSA). <\/p>\n<p>El director de esta regional de salud, Juan Biebarach, indic\u00f3 \u00a0que el Centro de Salud de San Isidro mantendr\u00e1 su horario de 24 horas y ser\u00e1 el punto de primera respuesta en caso de urgencia, mientras que el Centro de Salud de Torrijos Carter atender\u00e1 de 7:00 a.m. a 11:00 p.m. <\/p>\n<p>El \u00a0sistema de ambulancias regional se\u00a0 mantendr\u00e1 en alerta verde las 24 horas en las instalaciones del Hospital San Miguel\u00a0 Arc\u00e1ngel (HSMA). <\/p>\n<p>El doctor Biebarach\u00a0\u00a0expres\u00f3 que \u00a0el personal m\u00e9dico \u00a0trabajar\u00e1 en turnos rotativos, a fin de garantizar \u00a0la asistencia m\u00e9dica en caso de que se presenten situaciones de emergencia durante las actividades\u00a0 \u00a0religiosas que se realicen en el distrito, a partir de ma\u00f1ana 2 de abril. <\/p>\n<p>Finalmente, inst\u00f3 a la poblaci\u00f3n de San Miguelito a conmemorar \u00a0y reflexionar\u00a0 sobre la pasi\u00f3n, muerte y resurrecci\u00f3n de \u00a0nuestro Se\u00f1or Jesucristo en\u00a0uni\u00f3n\u00a0familiar. <\/p>\n<p>\u00a0 <\/p>\n","protected":false},"excerpt":{"rendered":"<p>La Regi\u00f3n de Salud de San Miguelito se mantendr\u00e1 en <a href=\"https:\/\/sertv.gob.pa\/nacionalfm\/horario-de-atencion-medica-sera-extendido-por-semana-santa\/\"> [&#8230;]<\/a><\/p>\n","protected":false},"author":1,"featured_media":4840,"comment_status":"closed","ping_status":"closed","sticky":false,"template":"","format":"standard","meta":{"footnotes":""},"categories":[5],"tags":[],"class_list":["post-4839","post","type-post","status-publish","format-standard","has-post-thumbnail","hentry","category-salud"],"_links":{"self":[{"href":"https:\/\/sertv.gob.pa\/nacionalfm\/wp-json\/wp\/v2\/posts\/4839","targetHints":{"allow":["GET"]}}],"collection":[{"href":"https:\/\/sertv.gob.pa\/nacionalfm\/wp-json\/wp\/v2\/posts"}],"about":[{"href":"https:\/\/sertv.gob.pa\/nacionalfm\/wp-json\/wp\/v2\/types\/post"}],"author":[{"embeddable":true,"href":"https:\/\/sertv.gob.pa\/nacionalfm\/wp-json\/wp\/v2\/users\/1"}],"replies":[{"embeddable":true,"href":"https:\/\/sertv.gob.pa\/nacionalfm\/wp-json\/wp\/v2\/comments?post=4839"}],"version-history":[{"count":0,"href":"https:\/\/sertv.gob.pa\/nacionalfm\/wp-json\/wp\/v2\/posts\/4839\/revisions"}],"wp:featuredmedia":[{"embeddable":true,"href":"https:\/\/sertv.gob.pa\/nacionalfm\/wp-json\/wp\/v2\/media\/4840"}],"wp:attachment":[{"href":"https:\/\/sertv.gob.pa\/nacionalfm\/wp-json\/wp\/v2\/media?parent=4839"}],"wp:term":[{"taxonomy":"category","embeddable":true,"href":"https:\/\/sertv.gob.pa\/nacionalfm\/wp-json\/wp\/v2\/categories?post=4839"},{"taxonomy":"post_tag","embeddable":true,"href":"https:\/\/sertv.gob.pa\/nacionalfm\/wp-json\/wp\/v2\/tags?post=4839"}],"curies":[{"name":"wp","href":"https:\/\/api.w.org\/{rel}","templated":true}]}}