{"id":4849,"date":"2015-04-02T14:09:28","date_gmt":"2015-04-02T14:09:28","guid":{"rendered":""},"modified":"2015-04-02T14:09:28","modified_gmt":"2015-04-02T14:09:28","slug":"en-cocle-confirman-primer-caso-de-hantavirus","status":"publish","type":"post","link":"https:\/\/sertv.gob.pa\/nacionalfm\/en-cocle-confirman-primer-caso-de-hantavirus\/","title":{"rendered":"En Cocl\u00e9 confirman primer caso de hantavirus"},"content":{"rendered":"<p>\nEn Cocl\u00e9 las autoridades del Ministerio de Salud han confirmado el primer caso de hantavirus. Se trata de una paciente femenina, de 55 a\u00f1os, que se mantiene recluida en la sala de cuidados intensivos del Hospital Rafael Estevez. <\/p>\n<p>Seg\u00fan la informaci\u00f3n de las autoridades m\u00e9dicas, la paciente se halla estable y reside en el sector de Lim\u00f3n Capellan\u00eda, Nat\u00e1. <\/p>\n<p>El hantavirus es una enfermedad viral aguda grave, ocasionada por el virus Hanta. Los ratones de campo (principalmente los colilargos) lo transmiten a las personas, eliminando el virus en la saliva, las heces y la orina. <\/p>\n<p>\u00a0 <\/p>\n","protected":false},"excerpt":{"rendered":"<p>En Cocl\u00e9 las autoridades del Ministerio de Salud han confirmado <a href=\"https:\/\/sertv.gob.pa\/nacionalfm\/en-cocle-confirman-primer-caso-de-hantavirus\/\"> [&#8230;]<\/a><\/p>\n","protected":false},"author":1,"featured_media":4850,"comment_status":"closed","ping_status":"closed","sticky":false,"template":"","format":"standard","meta":{"footnotes":""},"categories":[5],"tags":[],"class_list":["post-4849","post","type-post","status-publish","format-standard","has-post-thumbnail","hentry","category-salud"],"_links":{"self":[{"href":"https:\/\/sertv.gob.pa\/nacionalfm\/wp-json\/wp\/v2\/posts\/4849","targetHints":{"allow":["GET"]}}],"collection":[{"href":"https:\/\/sertv.gob.pa\/nacionalfm\/wp-json\/wp\/v2\/posts"}],"about":[{"href":"https:\/\/sertv.gob.pa\/nacionalfm\/wp-json\/wp\/v2\/types\/post"}],"author":[{"embeddable":true,"href":"https:\/\/sertv.gob.pa\/nacionalfm\/wp-json\/wp\/v2\/users\/1"}],"replies":[{"embeddable":true,"href":"https:\/\/sertv.gob.pa\/nacionalfm\/wp-json\/wp\/v2\/comments?post=4849"}],"version-history":[{"count":0,"href":"https:\/\/sertv.gob.pa\/nacionalfm\/wp-json\/wp\/v2\/posts\/4849\/revisions"}],"wp:featuredmedia":[{"embeddable":true,"href":"https:\/\/sertv.gob.pa\/nacionalfm\/wp-json\/wp\/v2\/media\/4850"}],"wp:attachment":[{"href":"https:\/\/sertv.gob.pa\/nacionalfm\/wp-json\/wp\/v2\/media?parent=4849"}],"wp:term":[{"taxonomy":"category","embeddable":true,"href":"https:\/\/sertv.gob.pa\/nacionalfm\/wp-json\/wp\/v2\/categories?post=4849"},{"taxonomy":"post_tag","embeddable":true,"href":"https:\/\/sertv.gob.pa\/nacionalfm\/wp-json\/wp\/v2\/tags?post=4849"}],"curies":[{"name":"wp","href":"https:\/\/api.w.org\/{rel}","templated":true}]}}