{"id":485,"date":"2014-07-23T05:00:00","date_gmt":"2014-07-23T05:00:00","guid":{"rendered":""},"modified":"2014-07-23T05:00:00","modified_gmt":"2014-07-23T05:00:00","slug":"fundacion-psoriasis-lanza-campana-2014","status":"publish","type":"post","link":"https:\/\/sertv.gob.pa\/nacionalfm\/fundacion-psoriasis-lanza-campana-2014\/","title":{"rendered":"Fundaci\u00f3n Psoriasis lanza campa\u00f1a 2014"},"content":{"rendered":"<p>\nEn la lucha por concienciar a la poblaci\u00f3n acerca de la grave enfermedad conocida como psoriasis, nuestro pa\u00eds ya es considerado l\u00edder internacional. <\/p>\n<p>Ayer se realiz\u00f3 la presentaci\u00f3n de la campa\u00f1a 2014, con actividades hasta el mes de octubre, cuando se conmemoran acciones mundiales relacionadas con esta enfermedad, que afecta a unos 125 millones de personas en el mundo. <\/p>\n<p>Entre las actividades programadas en Panam\u00e1 destacan charlas m\u00e9dicas de docencia, y la caminata anual, el 20 de septiembre, desde las 6:00 p.m., en la Cinta Costera. <\/p>\n<p>&ldquo;Este a\u00f1o redoblamos esfuerzos para que se conozcan las caracter\u00edsticas de esta enfermedad en todos los rincones del pa\u00eds&rdquo;, se\u00f1al\u00f3 M\u00f3nica Chapman, presidenta de la Fundaci\u00f3n Psoriasis de Panam\u00e1.\u00a0 @nacionalFm <\/p>\n<p>\u00a0 <\/p>\n<p>\u00a0 <\/p>\n","protected":false},"excerpt":{"rendered":"<p>En la lucha por concienciar a la poblaci\u00f3n acerca de <a href=\"https:\/\/sertv.gob.pa\/nacionalfm\/fundacion-psoriasis-lanza-campana-2014\/\"> [&#8230;]<\/a><\/p>\n","protected":false},"author":1,"featured_media":486,"comment_status":"closed","ping_status":"closed","sticky":false,"template":"","format":"standard","meta":{"footnotes":""},"categories":[5],"tags":[],"class_list":["post-485","post","type-post","status-publish","format-standard","has-post-thumbnail","hentry","category-salud"],"_links":{"self":[{"href":"https:\/\/sertv.gob.pa\/nacionalfm\/wp-json\/wp\/v2\/posts\/485","targetHints":{"allow":["GET"]}}],"collection":[{"href":"https:\/\/sertv.gob.pa\/nacionalfm\/wp-json\/wp\/v2\/posts"}],"about":[{"href":"https:\/\/sertv.gob.pa\/nacionalfm\/wp-json\/wp\/v2\/types\/post"}],"author":[{"embeddable":true,"href":"https:\/\/sertv.gob.pa\/nacionalfm\/wp-json\/wp\/v2\/users\/1"}],"replies":[{"embeddable":true,"href":"https:\/\/sertv.gob.pa\/nacionalfm\/wp-json\/wp\/v2\/comments?post=485"}],"version-history":[{"count":0,"href":"https:\/\/sertv.gob.pa\/nacionalfm\/wp-json\/wp\/v2\/posts\/485\/revisions"}],"wp:featuredmedia":[{"embeddable":true,"href":"https:\/\/sertv.gob.pa\/nacionalfm\/wp-json\/wp\/v2\/media\/486"}],"wp:attachment":[{"href":"https:\/\/sertv.gob.pa\/nacionalfm\/wp-json\/wp\/v2\/media?parent=485"}],"wp:term":[{"taxonomy":"category","embeddable":true,"href":"https:\/\/sertv.gob.pa\/nacionalfm\/wp-json\/wp\/v2\/categories?post=485"},{"taxonomy":"post_tag","embeddable":true,"href":"https:\/\/sertv.gob.pa\/nacionalfm\/wp-json\/wp\/v2\/tags?post=485"}],"curies":[{"name":"wp","href":"https:\/\/api.w.org\/{rel}","templated":true}]}}