{"id":4859,"date":"2015-04-03T05:00:00","date_gmt":"2015-04-03T05:00:00","guid":{"rendered":""},"modified":"2015-04-03T05:00:00","modified_gmt":"2015-04-03T05:00:00","slug":"restricciones-para-cirugias-esteticas-son-reactivadas","status":"publish","type":"post","link":"https:\/\/sertv.gob.pa\/nacionalfm\/restricciones-para-cirugias-esteticas-son-reactivadas\/","title":{"rendered":"Restricciones para cirug\u00edas est\u00e9ticas son reactivadas"},"content":{"rendered":"<p>\nLa Direcci\u00f3n Nacional de Farmacias y Drogas anunci\u00f3 la vigencia de la  Resoluci\u00f3n: N\u00b0 09 del 23  de noviembre de 2009 emitida por el Consejo T\u00e9cnico de Salud. <\/p>\n<p>La medida establece la prohibici\u00f3n de la aplicaci\u00f3n de tratamientos invasivos e intervenciones quir\u00fargicas en el cuerpo humano, en salones y salas de belleza, est\u00e9ticas, gimnasios, spa, centros de est\u00e9tica y similares, puesto que escapan a los servicios de cosmetolog\u00eda y est\u00e9tica reconocidos en estos locales. <\/p>\n<p>Crioterapia, mesoterapia, hidrolipoclasia carboxiterapia, estiramiento o rejuvenecimiento (  lifting ) quir\u00fargicofacial, exfoliaci\u00f3n cut\u00e1nea (  peeling ) media o profunda, relleno de arrugas, colonterapia, l\u00e1ser vascular, reafirmaci\u00f3n quir\u00fargica, estiramiento de la piel, depilaci\u00f3n con l\u00e1ser, cirug\u00eda de mamas, cirug\u00eda de parpados, implantes de pr\u00f3tesis, escleroterapia, lipoescultura, colocaci\u00f3n de hilos tensores y ozonoterapia, son algunos de los tratamientos corporales que no pueden realizar estos centros dedicados a la belleza. <\/p>\n<p>La reactivaci\u00f3n de la restricci\u00f3n surge a ra\u00edz de la muerte de una persona a causa de un tratamiento que supuestamente recibi\u00f3 en un local dedicado a la pr\u00e1ctica de estos tratamientos en el sector de Betania. <\/p>\n<p>El\u00a0 Consejo T\u00e9cnico de Salud y el Ministerio de Salud realizan las investigaciones por este caso. <\/p>\n<p>\u00a0 <\/p>\n","protected":false},"excerpt":{"rendered":"<p>La Direcci\u00f3n Nacional de Farmacias y Drogas anunci\u00f3 la vigencia <a href=\"https:\/\/sertv.gob.pa\/nacionalfm\/restricciones-para-cirugias-esteticas-son-reactivadas\/\"> [&#8230;]<\/a><\/p>\n","protected":false},"author":1,"featured_media":4860,"comment_status":"closed","ping_status":"closed","sticky":false,"template":"","format":"standard","meta":{"footnotes":""},"categories":[5],"tags":[],"class_list":["post-4859","post","type-post","status-publish","format-standard","has-post-thumbnail","hentry","category-salud"],"_links":{"self":[{"href":"https:\/\/sertv.gob.pa\/nacionalfm\/wp-json\/wp\/v2\/posts\/4859","targetHints":{"allow":["GET"]}}],"collection":[{"href":"https:\/\/sertv.gob.pa\/nacionalfm\/wp-json\/wp\/v2\/posts"}],"about":[{"href":"https:\/\/sertv.gob.pa\/nacionalfm\/wp-json\/wp\/v2\/types\/post"}],"author":[{"embeddable":true,"href":"https:\/\/sertv.gob.pa\/nacionalfm\/wp-json\/wp\/v2\/users\/1"}],"replies":[{"embeddable":true,"href":"https:\/\/sertv.gob.pa\/nacionalfm\/wp-json\/wp\/v2\/comments?post=4859"}],"version-history":[{"count":0,"href":"https:\/\/sertv.gob.pa\/nacionalfm\/wp-json\/wp\/v2\/posts\/4859\/revisions"}],"wp:featuredmedia":[{"embeddable":true,"href":"https:\/\/sertv.gob.pa\/nacionalfm\/wp-json\/wp\/v2\/media\/4860"}],"wp:attachment":[{"href":"https:\/\/sertv.gob.pa\/nacionalfm\/wp-json\/wp\/v2\/media?parent=4859"}],"wp:term":[{"taxonomy":"category","embeddable":true,"href":"https:\/\/sertv.gob.pa\/nacionalfm\/wp-json\/wp\/v2\/categories?post=4859"},{"taxonomy":"post_tag","embeddable":true,"href":"https:\/\/sertv.gob.pa\/nacionalfm\/wp-json\/wp\/v2\/tags?post=4859"}],"curies":[{"name":"wp","href":"https:\/\/api.w.org\/{rel}","templated":true}]}}