{"id":48597,"date":"2020-01-14T19:17:26","date_gmt":"2020-01-14T19:17:26","guid":{"rendered":"https:\/\/sertv.gob.pa\/nacionalfm\/?p=48597"},"modified":"2020-01-14T19:17:46","modified_gmt":"2020-01-14T19:17:46","slug":"guias-alimentarias-de-panama-una-propuesta-a-la-poblacion-de-las-autoridades-del-minsa","status":"publish","type":"post","link":"https:\/\/sertv.gob.pa\/nacionalfm\/guias-alimentarias-de-panama-una-propuesta-a-la-poblacion-de-las-autoridades-del-minsa\/","title":{"rendered":"\u201cGu\u00edas Alimentarias de Panam\u00e1\u201d, una propuesta a la poblaci\u00f3n de las autoridades del MINSA"},"content":{"rendered":"<p>Las Gu\u00edas Alimentarias de Panam\u00e1, son la orientaci\u00f3n o gu\u00eda alimentaria que las autoridades del Ministerio de Salud (MINSA), proponen a la poblaci\u00f3n, a fin de llevar una alimentaci\u00f3n apropiada y un estilo de vida saludable.<\/p>\n<p>En este sentido, Yeny Carrasco del departamento de nutrici\u00f3n del MINSA, especific\u00f3 que \u201chay que seguir trabajando con la poblaci\u00f3n para que seleccione alimentos saludables con poca grasa, preferiblemente asados, cocidos (hervidos)\u201d.<\/p>\n<p>La nutricionista Carrasco a\u00f1adi\u00f3 \u201cEs muy importante que los consumidores, seamos conscientes de los efectos a la salud, a su vez hay que exigirle a los comercios que vendan estos alimentos, pero va a depender de mi persona como consumidor y planificarlos\u201d.<\/p>\n<p>A toda la poblaci\u00f3n, se le recomienda comer saludable, llevar a la pr\u00e1ctica actividad f\u00edsica, realizarse sus controles m\u00e9dicos y nutricionales para prevenir el riesgo de sobrepeso, enfermedades como la diabetes, hipertensi\u00f3n y las enfermedades cardiovasculares.<\/p>\n<p>Hay que ser responsables de nuestra salud y durante el tiempo de verano, es necesario seguir las recomendaciones para una mejor salud, porque el primer anillo de seguridad es cada uno de los pobladores.<\/p>\n","protected":false},"excerpt":{"rendered":"<p>Las Gu\u00edas Alimentarias de Panam\u00e1, son la orientaci\u00f3n o gu\u00eda <a href=\"https:\/\/sertv.gob.pa\/nacionalfm\/guias-alimentarias-de-panama-una-propuesta-a-la-poblacion-de-las-autoridades-del-minsa\/\"> [&#8230;]<\/a><\/p>\n","protected":false},"author":9,"featured_media":48598,"comment_status":"closed","ping_status":"closed","sticky":false,"template":"","format":"standard","meta":{"footnotes":""},"categories":[5],"tags":[],"class_list":["post-48597","post","type-post","status-publish","format-standard","has-post-thumbnail","hentry","category-salud"],"_links":{"self":[{"href":"https:\/\/sertv.gob.pa\/nacionalfm\/wp-json\/wp\/v2\/posts\/48597","targetHints":{"allow":["GET"]}}],"collection":[{"href":"https:\/\/sertv.gob.pa\/nacionalfm\/wp-json\/wp\/v2\/posts"}],"about":[{"href":"https:\/\/sertv.gob.pa\/nacionalfm\/wp-json\/wp\/v2\/types\/post"}],"author":[{"embeddable":true,"href":"https:\/\/sertv.gob.pa\/nacionalfm\/wp-json\/wp\/v2\/users\/9"}],"replies":[{"embeddable":true,"href":"https:\/\/sertv.gob.pa\/nacionalfm\/wp-json\/wp\/v2\/comments?post=48597"}],"version-history":[{"count":1,"href":"https:\/\/sertv.gob.pa\/nacionalfm\/wp-json\/wp\/v2\/posts\/48597\/revisions"}],"predecessor-version":[{"id":48599,"href":"https:\/\/sertv.gob.pa\/nacionalfm\/wp-json\/wp\/v2\/posts\/48597\/revisions\/48599"}],"wp:featuredmedia":[{"embeddable":true,"href":"https:\/\/sertv.gob.pa\/nacionalfm\/wp-json\/wp\/v2\/media\/48598"}],"wp:attachment":[{"href":"https:\/\/sertv.gob.pa\/nacionalfm\/wp-json\/wp\/v2\/media?parent=48597"}],"wp:term":[{"taxonomy":"category","embeddable":true,"href":"https:\/\/sertv.gob.pa\/nacionalfm\/wp-json\/wp\/v2\/categories?post=48597"},{"taxonomy":"post_tag","embeddable":true,"href":"https:\/\/sertv.gob.pa\/nacionalfm\/wp-json\/wp\/v2\/tags?post=48597"}],"curies":[{"name":"wp","href":"https:\/\/api.w.org\/{rel}","templated":true}]}}