{"id":4881,"date":"2015-04-05T05:00:00","date_gmt":"2015-04-05T05:00:00","guid":{"rendered":""},"modified":"2015-04-05T05:00:00","modified_gmt":"2015-04-05T05:00:00","slug":"paracetamol-o-acetaminofeno-no-reducen-el-dolor-de-espalda","status":"publish","type":"post","link":"https:\/\/sertv.gob.pa\/nacionalfm\/paracetamol-o-acetaminofeno-no-reducen-el-dolor-de-espalda\/","title":{"rendered":"Paracetamol o acetaminofeno no reducen el dolor de espalda"},"content":{"rendered":"<p>\nSu revisi\u00f3n de 13 ensayos cl\u00ednicos publicada en el  British Medical Journal  concluy\u00f3 que la medicaci\u00f3n no disminuye el trastorno ni mejora la calidad de vida. <\/p>\n<p>En lugar de ello, incrementa la probabilidad de padecer problemas de h\u00edgado, aseguran los cient\u00edficos. <\/p>\n<p>El Servicio Nacional de Salud de Reino Unido (NHS), inform\u00f3 que revisar\u00e1 sus recomendaciones al respecto. <\/p>\n<p>Los expertos manifiestan que los pacientes deber\u00edan consultar a un m\u00e9dico antes de cambiar su tratamiento. <\/p>\n<p>El dolor de espalda es una de las principales causas de incapacidad y \u00fanicamente en Reino Unido afecta a unos 26 millones de personas al a\u00f1o. <\/p>\n<p>\u00a0 <\/p>\n","protected":false},"excerpt":{"rendered":"<p>Su revisi\u00f3n de 13 ensayos cl\u00ednicos publicada en el British <a href=\"https:\/\/sertv.gob.pa\/nacionalfm\/paracetamol-o-acetaminofeno-no-reducen-el-dolor-de-espalda\/\"> [&#8230;]<\/a><\/p>\n","protected":false},"author":1,"featured_media":4882,"comment_status":"closed","ping_status":"closed","sticky":false,"template":"","format":"standard","meta":{"footnotes":""},"categories":[5],"tags":[],"class_list":["post-4881","post","type-post","status-publish","format-standard","has-post-thumbnail","hentry","category-salud"],"_links":{"self":[{"href":"https:\/\/sertv.gob.pa\/nacionalfm\/wp-json\/wp\/v2\/posts\/4881","targetHints":{"allow":["GET"]}}],"collection":[{"href":"https:\/\/sertv.gob.pa\/nacionalfm\/wp-json\/wp\/v2\/posts"}],"about":[{"href":"https:\/\/sertv.gob.pa\/nacionalfm\/wp-json\/wp\/v2\/types\/post"}],"author":[{"embeddable":true,"href":"https:\/\/sertv.gob.pa\/nacionalfm\/wp-json\/wp\/v2\/users\/1"}],"replies":[{"embeddable":true,"href":"https:\/\/sertv.gob.pa\/nacionalfm\/wp-json\/wp\/v2\/comments?post=4881"}],"version-history":[{"count":0,"href":"https:\/\/sertv.gob.pa\/nacionalfm\/wp-json\/wp\/v2\/posts\/4881\/revisions"}],"wp:featuredmedia":[{"embeddable":true,"href":"https:\/\/sertv.gob.pa\/nacionalfm\/wp-json\/wp\/v2\/media\/4882"}],"wp:attachment":[{"href":"https:\/\/sertv.gob.pa\/nacionalfm\/wp-json\/wp\/v2\/media?parent=4881"}],"wp:term":[{"taxonomy":"category","embeddable":true,"href":"https:\/\/sertv.gob.pa\/nacionalfm\/wp-json\/wp\/v2\/categories?post=4881"},{"taxonomy":"post_tag","embeddable":true,"href":"https:\/\/sertv.gob.pa\/nacionalfm\/wp-json\/wp\/v2\/tags?post=4881"}],"curies":[{"name":"wp","href":"https:\/\/api.w.org\/{rel}","templated":true}]}}