{"id":4889,"date":"2015-04-06T18:27:04","date_gmt":"2015-04-06T18:27:04","guid":{"rendered":""},"modified":"2015-04-06T18:27:04","modified_gmt":"2015-04-06T18:27:04","slug":"advierten-a-poblacion-sobre-peligro-de-medicamento-zero-xtreme","status":"publish","type":"post","link":"https:\/\/sertv.gob.pa\/nacionalfm\/advierten-a-poblacion-sobre-peligro-de-medicamento-zero-xtreme\/","title":{"rendered":"Advierten a poblaci\u00f3n sobre peligro de medicamento Zero Xtreme"},"content":{"rendered":"<p>\nEl Ministerio de Salud (Minsa) advirti\u00f3 a la poblaci\u00f3n sobre el riesgo de consumir Zero Xtreme, un producto que se comercializa en internet, pero que su venta no est\u00e1 autorizada en Panam\u00e1. <\/p>\n<p>Jeny Vergara, directora de Farmacias y Drogas del Minsa, inform\u00f3 que el producto se promociona en la web como suplemento diet\u00e9tico, quemador de grasa y supresor del apetito. <\/p>\n<p>Explic\u00f3 que a pesar de que no existe autorizaci\u00f3n para su comercializaci\u00f3n en el pa\u00eds, documentaron el consumo por parte de una joven de 21 a\u00f1os, quien luego present\u00f3 disnea, palpitaciones, temblores y ansiedad. <\/p>\n<p>Al respecto, el exministro de Salud Guillermo Rolla Pimentel opin\u00f3 que lo m\u00e1s recomendable para la poblaci\u00f3n es adquirir medicamentos en farmacias reguladas por las autoridades de Salud. <\/p>\n<p>\u00a0 <\/p>\n","protected":false},"excerpt":{"rendered":"<p>El Ministerio de Salud (Minsa) advirti\u00f3 a la poblaci\u00f3n sobre <a href=\"https:\/\/sertv.gob.pa\/nacionalfm\/advierten-a-poblacion-sobre-peligro-de-medicamento-zero-xtreme\/\"> [&#8230;]<\/a><\/p>\n","protected":false},"author":1,"featured_media":4890,"comment_status":"closed","ping_status":"closed","sticky":false,"template":"","format":"standard","meta":{"footnotes":""},"categories":[5],"tags":[],"class_list":["post-4889","post","type-post","status-publish","format-standard","has-post-thumbnail","hentry","category-salud"],"_links":{"self":[{"href":"https:\/\/sertv.gob.pa\/nacionalfm\/wp-json\/wp\/v2\/posts\/4889","targetHints":{"allow":["GET"]}}],"collection":[{"href":"https:\/\/sertv.gob.pa\/nacionalfm\/wp-json\/wp\/v2\/posts"}],"about":[{"href":"https:\/\/sertv.gob.pa\/nacionalfm\/wp-json\/wp\/v2\/types\/post"}],"author":[{"embeddable":true,"href":"https:\/\/sertv.gob.pa\/nacionalfm\/wp-json\/wp\/v2\/users\/1"}],"replies":[{"embeddable":true,"href":"https:\/\/sertv.gob.pa\/nacionalfm\/wp-json\/wp\/v2\/comments?post=4889"}],"version-history":[{"count":0,"href":"https:\/\/sertv.gob.pa\/nacionalfm\/wp-json\/wp\/v2\/posts\/4889\/revisions"}],"wp:featuredmedia":[{"embeddable":true,"href":"https:\/\/sertv.gob.pa\/nacionalfm\/wp-json\/wp\/v2\/media\/4890"}],"wp:attachment":[{"href":"https:\/\/sertv.gob.pa\/nacionalfm\/wp-json\/wp\/v2\/media?parent=4889"}],"wp:term":[{"taxonomy":"category","embeddable":true,"href":"https:\/\/sertv.gob.pa\/nacionalfm\/wp-json\/wp\/v2\/categories?post=4889"},{"taxonomy":"post_tag","embeddable":true,"href":"https:\/\/sertv.gob.pa\/nacionalfm\/wp-json\/wp\/v2\/tags?post=4889"}],"curies":[{"name":"wp","href":"https:\/\/api.w.org\/{rel}","templated":true}]}}