{"id":4891,"date":"2015-04-06T18:35:03","date_gmt":"2015-04-06T18:35:03","guid":{"rendered":""},"modified":"2015-04-06T18:35:03","modified_gmt":"2015-04-06T18:35:03","slug":"trastorno-obsesivo-compulsivo-toc","status":"publish","type":"post","link":"https:\/\/sertv.gob.pa\/nacionalfm\/trastorno-obsesivo-compulsivo-toc\/","title":{"rendered":"Trastorno obsesivo compulsivo (TOC)"},"content":{"rendered":"<p>\nTal vez este sea un problema del cual se ha escuchado, pero son pocos los que conocen exactamente de qu\u00e9 se trata. Las personas que viven con este  trastorno  con frecuencia se sienten obligadas a efectuar quehaceres de \u00abforma estructurada y equilibrada\u00bb, indica el psic\u00f3logo Carlos Madrid. <\/p>\n<p>No \u00fanicamente revisan las acciones que ejecutan varias veces, como apagar las luces o cerrar la puerta, sino que igualmente pueden presentar temor exagerado hacia los g\u00e9rmenes, manifiesta. <\/p>\n<p>Por eso es que algunos de ellos tienden a lavarse las manos de manera compulsiva en se\u00f1al de protecci\u00f3n contra infecciones o bacterias. <\/p>\n<p>De hecho, si un d\u00eda no pueden realizar sus tareas de la misma forma y en el mismo orden podr\u00edan sentir ansiedad, dice. <\/p>\n<p>Puede aparecer tanto en ni\u00f1os como en adolescentes y adultos. Es frecuente verlo en hombres como en mujeres, subraya la tambi\u00e9n psic\u00f3loga Yadira Bernal. <\/p>\n<p>Seg\u00fan la Organizaci\u00f3n Mundial de la Salud, este trastorno representa el 1.4% entre los des\u00f3rdenes mentales en  Am\u00e9rica Latina  y el  Caribe . <\/p>\n<p>La mayor\u00eda de estas personas mejora con f\u00e1rmacos y con terapias, sostienen los expertos. <\/p>\n<p>\u00a0 <\/p>\n","protected":false},"excerpt":{"rendered":"<p>Tal vez este sea un problema del cual se ha <a href=\"https:\/\/sertv.gob.pa\/nacionalfm\/trastorno-obsesivo-compulsivo-toc\/\"> [&#8230;]<\/a><\/p>\n","protected":false},"author":1,"featured_media":4892,"comment_status":"closed","ping_status":"closed","sticky":false,"template":"","format":"standard","meta":{"footnotes":""},"categories":[5],"tags":[],"class_list":["post-4891","post","type-post","status-publish","format-standard","has-post-thumbnail","hentry","category-salud"],"_links":{"self":[{"href":"https:\/\/sertv.gob.pa\/nacionalfm\/wp-json\/wp\/v2\/posts\/4891","targetHints":{"allow":["GET"]}}],"collection":[{"href":"https:\/\/sertv.gob.pa\/nacionalfm\/wp-json\/wp\/v2\/posts"}],"about":[{"href":"https:\/\/sertv.gob.pa\/nacionalfm\/wp-json\/wp\/v2\/types\/post"}],"author":[{"embeddable":true,"href":"https:\/\/sertv.gob.pa\/nacionalfm\/wp-json\/wp\/v2\/users\/1"}],"replies":[{"embeddable":true,"href":"https:\/\/sertv.gob.pa\/nacionalfm\/wp-json\/wp\/v2\/comments?post=4891"}],"version-history":[{"count":0,"href":"https:\/\/sertv.gob.pa\/nacionalfm\/wp-json\/wp\/v2\/posts\/4891\/revisions"}],"wp:featuredmedia":[{"embeddable":true,"href":"https:\/\/sertv.gob.pa\/nacionalfm\/wp-json\/wp\/v2\/media\/4892"}],"wp:attachment":[{"href":"https:\/\/sertv.gob.pa\/nacionalfm\/wp-json\/wp\/v2\/media?parent=4891"}],"wp:term":[{"taxonomy":"category","embeddable":true,"href":"https:\/\/sertv.gob.pa\/nacionalfm\/wp-json\/wp\/v2\/categories?post=4891"},{"taxonomy":"post_tag","embeddable":true,"href":"https:\/\/sertv.gob.pa\/nacionalfm\/wp-json\/wp\/v2\/tags?post=4891"}],"curies":[{"name":"wp","href":"https:\/\/api.w.org\/{rel}","templated":true}]}}