{"id":49,"date":"2014-07-02T05:00:00","date_gmt":"2014-07-02T05:00:00","guid":{"rendered":""},"modified":"2014-07-02T05:00:00","modified_gmt":"2014-07-02T05:00:00","slug":"avances-para-detectar-cancer-de-mama-con-prueba-de-sangre","status":"publish","type":"post","link":"https:\/\/sertv.gob.pa\/nacionalfm\/avances-para-detectar-cancer-de-mama-con-prueba-de-sangre\/","title":{"rendered":"Avances para detectar c\u00e1ncer de mama con prueba de sangre"},"content":{"rendered":"<p>\nCient\u00edficos brit\u00e1nicos anunciaron nuevos avances para tratar de desarrollar un an\u00e1lisis de sangre que detecte el peligro de sufrir c\u00e1ncer de mama, incluso en mujeres que no tienen predisposici\u00f3n gen\u00e9tica a la enfermedad. <\/p>\n<p>Investigadores de la Universidad del Colegio de Londres hallaron una marca en la sangre de las mujeres que no ten\u00edan la mutaci\u00f3n gen\u00e9tica que puede ocasionar c\u00e1ncer de mama, pero que desarrollaron la enfermedad. <\/p>\n<p>Los cambios en las mol\u00e9culas de la sangre eran aparentes, incluso varios a\u00f1os antes de que comenzaran a aparecer los s\u00edntomas de la enfermedad. <\/p>\n<p>Las organizaciones sin \u00e1nimo de lucro que trabajan con el c\u00e1ncer describieron el estudio como prometedor.\u00a0 @nacionalFm <\/p>\n<p>\u00a0 <\/p>\n","protected":false},"excerpt":{"rendered":"<p>Cient\u00edficos brit\u00e1nicos anunciaron nuevos avances para tratar de desarrollar un <a href=\"https:\/\/sertv.gob.pa\/nacionalfm\/avances-para-detectar-cancer-de-mama-con-prueba-de-sangre\/\"> [&#8230;]<\/a><\/p>\n","protected":false},"author":1,"featured_media":50,"comment_status":"closed","ping_status":"closed","sticky":false,"template":"","format":"standard","meta":{"footnotes":""},"categories":[5],"tags":[],"class_list":["post-49","post","type-post","status-publish","format-standard","has-post-thumbnail","hentry","category-salud"],"_links":{"self":[{"href":"https:\/\/sertv.gob.pa\/nacionalfm\/wp-json\/wp\/v2\/posts\/49","targetHints":{"allow":["GET"]}}],"collection":[{"href":"https:\/\/sertv.gob.pa\/nacionalfm\/wp-json\/wp\/v2\/posts"}],"about":[{"href":"https:\/\/sertv.gob.pa\/nacionalfm\/wp-json\/wp\/v2\/types\/post"}],"author":[{"embeddable":true,"href":"https:\/\/sertv.gob.pa\/nacionalfm\/wp-json\/wp\/v2\/users\/1"}],"replies":[{"embeddable":true,"href":"https:\/\/sertv.gob.pa\/nacionalfm\/wp-json\/wp\/v2\/comments?post=49"}],"version-history":[{"count":0,"href":"https:\/\/sertv.gob.pa\/nacionalfm\/wp-json\/wp\/v2\/posts\/49\/revisions"}],"wp:featuredmedia":[{"embeddable":true,"href":"https:\/\/sertv.gob.pa\/nacionalfm\/wp-json\/wp\/v2\/media\/50"}],"wp:attachment":[{"href":"https:\/\/sertv.gob.pa\/nacionalfm\/wp-json\/wp\/v2\/media?parent=49"}],"wp:term":[{"taxonomy":"category","embeddable":true,"href":"https:\/\/sertv.gob.pa\/nacionalfm\/wp-json\/wp\/v2\/categories?post=49"},{"taxonomy":"post_tag","embeddable":true,"href":"https:\/\/sertv.gob.pa\/nacionalfm\/wp-json\/wp\/v2\/tags?post=49"}],"curies":[{"name":"wp","href":"https:\/\/api.w.org\/{rel}","templated":true}]}}