{"id":4903,"date":"2015-04-07T16:14:54","date_gmt":"2015-04-07T16:14:54","guid":{"rendered":""},"modified":"2015-04-07T16:14:54","modified_gmt":"2015-04-07T16:14:54","slug":"vacuna-que-mejora-la-respuesta-inmunitaria-ante-el-cancer","status":"publish","type":"post","link":"https:\/\/sertv.gob.pa\/nacionalfm\/vacuna-que-mejora-la-respuesta-inmunitaria-ante-el-cancer\/","title":{"rendered":"Vacuna que mejora la respuesta inmunitaria ante el c\u00e1ncer"},"content":{"rendered":"<p>\nSeg\u00fan un estudio que publica la revista  Science , una nueva vacuna mejora la respuesta inmunitaria ante el c\u00e1ncer a partir del uso de prote\u00ednas alteradas del tumor del paciente, una f\u00f3rmula que podr\u00eda dar buenos resultados para el  melanoma  y los c\u00e1nceres de pulm\u00f3n, vejiga y colon. <\/p>\n<p>\u00abLas  vacunas  contra el c\u00e1ncer suelen ser generalizadas. Esta es una de las primeras personalizadas. Las generalizadas usan prote\u00ednas normales sin alteraci\u00f3n, por lo que la respuesta inmune no es muy fuerte\u00bb, explic\u00f3 a  Efe  la investigadora principal del estudio, la venezolana Beatriz Carre\u00f1o. <\/p>\n<p>\u00abEn nuestra vacuna hemos usado prote\u00ednas alteradas del paciente con tumor y comprobado que provocan una mayor reacci\u00f3n en las  c\u00e9lulas T , al multiplicar en n\u00famero y frecuencia su capacidad de reconocer sustancias aisladas de los tumores\u00bb, a\u00f1adi\u00f3 la investigadora. <\/p>\n<p>Las  c\u00e9lulas T  son un tipo de  c\u00e9lula inmunol\u00f3gica  cuya funci\u00f3n es reconocer sustancias extra\u00f1as en la superficie de otras c\u00e9lulas y matarlas, para lo cual producen sustancias solubles que tienen efectos sobre  tumores  y  c\u00e9lulas  infectadas con virus. <\/p>\n<p>Para elaborar la  vacuna  de la que informa esta semana  Science , se utilizaron  c\u00e9lulas  dendr\u00edticas junto a prote\u00ednas alteradas del  tumor  del paciente. <\/p>\n<p>Dado que las  c\u00e9lulas  dendr\u00edticas \u00abno son muy abundantes\u00bb, los investigadores aislaron precursores y las generaron en el laboratorio. <\/p>\n<p>\u00abEl uso de prote\u00ednas alteradas ha demostrado tener una mayor capacidad para activar el sistema inmune. Porque cuando las prote\u00ednas son normales, no son realmente sustancias extra\u00f1as y, por tanto, la respuesta inmune no es muy fuerte\u00bb, explica Carre\u00f1o. <\/p>\n<p>\u00a0 <\/p>\n","protected":false},"excerpt":{"rendered":"<p>Seg\u00fan un estudio que publica la revista Science , una <a href=\"https:\/\/sertv.gob.pa\/nacionalfm\/vacuna-que-mejora-la-respuesta-inmunitaria-ante-el-cancer\/\"> [&#8230;]<\/a><\/p>\n","protected":false},"author":1,"featured_media":4904,"comment_status":"closed","ping_status":"closed","sticky":false,"template":"","format":"standard","meta":{"footnotes":""},"categories":[5],"tags":[],"class_list":["post-4903","post","type-post","status-publish","format-standard","has-post-thumbnail","hentry","category-salud"],"_links":{"self":[{"href":"https:\/\/sertv.gob.pa\/nacionalfm\/wp-json\/wp\/v2\/posts\/4903","targetHints":{"allow":["GET"]}}],"collection":[{"href":"https:\/\/sertv.gob.pa\/nacionalfm\/wp-json\/wp\/v2\/posts"}],"about":[{"href":"https:\/\/sertv.gob.pa\/nacionalfm\/wp-json\/wp\/v2\/types\/post"}],"author":[{"embeddable":true,"href":"https:\/\/sertv.gob.pa\/nacionalfm\/wp-json\/wp\/v2\/users\/1"}],"replies":[{"embeddable":true,"href":"https:\/\/sertv.gob.pa\/nacionalfm\/wp-json\/wp\/v2\/comments?post=4903"}],"version-history":[{"count":0,"href":"https:\/\/sertv.gob.pa\/nacionalfm\/wp-json\/wp\/v2\/posts\/4903\/revisions"}],"wp:featuredmedia":[{"embeddable":true,"href":"https:\/\/sertv.gob.pa\/nacionalfm\/wp-json\/wp\/v2\/media\/4904"}],"wp:attachment":[{"href":"https:\/\/sertv.gob.pa\/nacionalfm\/wp-json\/wp\/v2\/media?parent=4903"}],"wp:term":[{"taxonomy":"category","embeddable":true,"href":"https:\/\/sertv.gob.pa\/nacionalfm\/wp-json\/wp\/v2\/categories?post=4903"},{"taxonomy":"post_tag","embeddable":true,"href":"https:\/\/sertv.gob.pa\/nacionalfm\/wp-json\/wp\/v2\/tags?post=4903"}],"curies":[{"name":"wp","href":"https:\/\/api.w.org\/{rel}","templated":true}]}}