{"id":4905,"date":"2015-04-07T16:23:50","date_gmt":"2015-04-07T16:23:50","guid":{"rendered":""},"modified":"2015-04-07T16:23:50","modified_gmt":"2015-04-07T16:23:50","slug":"otro-impacto-de-los-celulares-dolor-de-cuello","status":"publish","type":"post","link":"https:\/\/sertv.gob.pa\/nacionalfm\/otro-impacto-de-los-celulares-dolor-de-cuello\/","title":{"rendered":"Otro impacto de los celulares: dolor de cuello"},"content":{"rendered":"<p>\nUn chat en  WhatsApp , una foto en  Facebook  o  Instagram  o un mensaje en el correo electr\u00f3nico. Las excusas sobran para mirar a cada minuto el celular o tableta, donde sea, el d\u00eda que sea. <\/p>\n<p>Este panorama es tal vez una de las situaciones m\u00e1s comunes hoy; no obstante, especialistas han se\u00f1alado que inclinar la cabeza con tanta frecuencia para revisar los aparatos m\u00f3viles podr\u00eda causar da\u00f1os a su cuello, e incluso a largo plazo producir lesiones a la columna. <\/p>\n<p>S\u00edndrome del  &ldquo;Cuello de texto &rdquo; (Text neck) es como denomin\u00f3 a esta condici\u00f3n el doctor estadounidense  Dean Fishman , haciendo referencia al dolor del cuello, hombros y cabeza ocasionado por esta posici\u00f3n hacia delante y hacia abajo. <\/p>\n<p>La revista m\u00e9dica Surgical Technology International es una de las que ha abordado el tema explicando que los malestares son el resultado de una presi\u00f3n indebida en la zona del cuello. <\/p>\n<p>En efecto, al doblar m\u00e1s la cabeza se ejerce m\u00e1s tensi\u00f3n en los m\u00fasculos que la sostienen, afirma el fisioterapeuta \u00c1ngel Madrid. <\/p>\n<p>Entonces estos m\u00fasculos, al fatigarse, provocan que el peso se refleje m\u00e1s en los ligamentos y en los discos del \u00e1rea cervical, que a la larga se van a deteriorar, sostiene. <\/p>\n<p>Aunque en este punto, la tambi\u00e9n fisioterapeuta Nathia Carrizo aclara que realmente no es tanto el grado de inclinaci\u00f3n lo que afecta el cuello o la espalda, sino el tiempo de duraci\u00f3n de esta postura. <\/p>\n<p>\u00a0 <\/p>\n","protected":false},"excerpt":{"rendered":"<p>Un chat en WhatsApp , una foto en Facebook o <a href=\"https:\/\/sertv.gob.pa\/nacionalfm\/otro-impacto-de-los-celulares-dolor-de-cuello\/\"> [&#8230;]<\/a><\/p>\n","protected":false},"author":1,"featured_media":4906,"comment_status":"closed","ping_status":"closed","sticky":false,"template":"","format":"standard","meta":{"footnotes":""},"categories":[5],"tags":[],"class_list":["post-4905","post","type-post","status-publish","format-standard","has-post-thumbnail","hentry","category-salud"],"_links":{"self":[{"href":"https:\/\/sertv.gob.pa\/nacionalfm\/wp-json\/wp\/v2\/posts\/4905","targetHints":{"allow":["GET"]}}],"collection":[{"href":"https:\/\/sertv.gob.pa\/nacionalfm\/wp-json\/wp\/v2\/posts"}],"about":[{"href":"https:\/\/sertv.gob.pa\/nacionalfm\/wp-json\/wp\/v2\/types\/post"}],"author":[{"embeddable":true,"href":"https:\/\/sertv.gob.pa\/nacionalfm\/wp-json\/wp\/v2\/users\/1"}],"replies":[{"embeddable":true,"href":"https:\/\/sertv.gob.pa\/nacionalfm\/wp-json\/wp\/v2\/comments?post=4905"}],"version-history":[{"count":0,"href":"https:\/\/sertv.gob.pa\/nacionalfm\/wp-json\/wp\/v2\/posts\/4905\/revisions"}],"wp:featuredmedia":[{"embeddable":true,"href":"https:\/\/sertv.gob.pa\/nacionalfm\/wp-json\/wp\/v2\/media\/4906"}],"wp:attachment":[{"href":"https:\/\/sertv.gob.pa\/nacionalfm\/wp-json\/wp\/v2\/media?parent=4905"}],"wp:term":[{"taxonomy":"category","embeddable":true,"href":"https:\/\/sertv.gob.pa\/nacionalfm\/wp-json\/wp\/v2\/categories?post=4905"},{"taxonomy":"post_tag","embeddable":true,"href":"https:\/\/sertv.gob.pa\/nacionalfm\/wp-json\/wp\/v2\/tags?post=4905"}],"curies":[{"name":"wp","href":"https:\/\/api.w.org\/{rel}","templated":true}]}}