{"id":4919,"date":"2015-04-07T18:46:00","date_gmt":"2015-04-07T18:46:00","guid":{"rendered":""},"modified":"2015-04-07T18:46:00","modified_gmt":"2015-04-07T18:46:00","slug":"jornada-de-vacunacion-por-motivo-del-dia-mundial-de-la-salud","status":"publish","type":"post","link":"https:\/\/sertv.gob.pa\/nacionalfm\/jornada-de-vacunacion-por-motivo-del-dia-mundial-de-la-salud\/","title":{"rendered":"Jornada de vacunaci\u00f3n por motivo del D\u00eda Mundial de la Salud"},"content":{"rendered":"<p>\nLa Direcci\u00f3n Regional de Salud de San Miguelito realiz\u00f3 una jornada de vacunaci\u00f2n y de toma de presi\u00f3n arterial, en los estacionamientos de la Gran Estaci\u00f3n de San Miguelito, por motivo de conmemorarse, este martes 7 de abril, el D\u00eda Mundial de la Salud. <\/p>\n<p>Se aplicaron vacunas contra el sarampi\u00f3n, rub\u00e9ola, neumococo; difteria, t\u00e9tano, tosferina, entre otras. Esta actividad inici\u00f3 a las 7:00 a.m. y concluy\u00f3\u00a0 a las 12:00 mediod\u00eda. <\/p>\n<p>Tambi\u00e9n funcionarios de promoci\u00f3n de la salud entregaron material informativo sobre c\u00f3mo prevenir el dengue y \u00a0chikungunya, enfermedades que transmiten los mosquitos Aedes aegypti y aedes Albopictus <\/p>\n<p>El director de la Regi\u00f3n de\u00a0 Salud de San Miguelito, Juan Biebarach, se\u00f1al\u00f3 que la mejor forma de prevenir enfermedades es acudiendo a las instalaciones de salud \u00a0por lo menos una vez al a\u00f1o y llevar un control de la tarjeta de vacunaci\u00f2n. <\/p>\n<p>El D\u00eda Mundial de la Salud se celebra el 7 de abril de cada a\u00f1o en conmemoraci\u00f2n del aniversario de la fundaci\u00f3n de la Organizaci\u00f3n Mundial de la Salud (OMS) en 1948 y este a\u00f1o el lema es la &ldquo;Inocuidad de los alimentos&rdquo;, ya que se estima que 2 millones de personas mueren al a\u00f1o por ingerir alimentos contraminados. <\/p>\n<p>\u00a0 <\/p>\n","protected":false},"excerpt":{"rendered":"<p>La Direcci\u00f3n Regional de Salud de San Miguelito realiz\u00f3 una <a href=\"https:\/\/sertv.gob.pa\/nacionalfm\/jornada-de-vacunacion-por-motivo-del-dia-mundial-de-la-salud\/\"> [&#8230;]<\/a><\/p>\n","protected":false},"author":1,"featured_media":4920,"comment_status":"closed","ping_status":"closed","sticky":false,"template":"","format":"standard","meta":{"footnotes":""},"categories":[5],"tags":[],"class_list":["post-4919","post","type-post","status-publish","format-standard","has-post-thumbnail","hentry","category-salud"],"_links":{"self":[{"href":"https:\/\/sertv.gob.pa\/nacionalfm\/wp-json\/wp\/v2\/posts\/4919","targetHints":{"allow":["GET"]}}],"collection":[{"href":"https:\/\/sertv.gob.pa\/nacionalfm\/wp-json\/wp\/v2\/posts"}],"about":[{"href":"https:\/\/sertv.gob.pa\/nacionalfm\/wp-json\/wp\/v2\/types\/post"}],"author":[{"embeddable":true,"href":"https:\/\/sertv.gob.pa\/nacionalfm\/wp-json\/wp\/v2\/users\/1"}],"replies":[{"embeddable":true,"href":"https:\/\/sertv.gob.pa\/nacionalfm\/wp-json\/wp\/v2\/comments?post=4919"}],"version-history":[{"count":0,"href":"https:\/\/sertv.gob.pa\/nacionalfm\/wp-json\/wp\/v2\/posts\/4919\/revisions"}],"wp:featuredmedia":[{"embeddable":true,"href":"https:\/\/sertv.gob.pa\/nacionalfm\/wp-json\/wp\/v2\/media\/4920"}],"wp:attachment":[{"href":"https:\/\/sertv.gob.pa\/nacionalfm\/wp-json\/wp\/v2\/media?parent=4919"}],"wp:term":[{"taxonomy":"category","embeddable":true,"href":"https:\/\/sertv.gob.pa\/nacionalfm\/wp-json\/wp\/v2\/categories?post=4919"},{"taxonomy":"post_tag","embeddable":true,"href":"https:\/\/sertv.gob.pa\/nacionalfm\/wp-json\/wp\/v2\/tags?post=4919"}],"curies":[{"name":"wp","href":"https:\/\/api.w.org\/{rel}","templated":true}]}}