{"id":4931,"date":"2015-04-08T15:42:38","date_gmt":"2015-04-08T15:42:38","guid":{"rendered":""},"modified":"2015-04-08T15:42:38","modified_gmt":"2015-04-08T15:42:38","slug":"apoyo-financiero-para-pacientes-de-vih-en-puerto-rico","status":"publish","type":"post","link":"https:\/\/sertv.gob.pa\/nacionalfm\/apoyo-financiero-para-pacientes-de-vih-en-puerto-rico\/","title":{"rendered":"Apoyo financiero para pacientes de VIH en Puerto Rico"},"content":{"rendered":"<p>\nPuerto Rico ha recibido una asignaci\u00f3n de m\u00e1s de ocho millones de d\u00f3lares de fondos federales para financiar su programa Ryan White, que trata a personas portadoras del virus del sida (VIH). <\/p>\n<p>As\u00ed lo anunci\u00f3 en un comunicado de prensa la secretaria del Departamento de Salud local, Ana R\u00edus Armend\u00e1riz, sobre la ayuda de 8.076.650 d\u00f3lares concedida por la Administraci\u00f3n de Servicios y Recursos de Salud, agencia federal que administra los fondos del citado programa. <\/p>\n<p>&lsquo;Este aumento permite a nuestro programa Ryan White continuar ofreciendo servicios a las personas que viven con VIH en Puerto Rico&rsquo;, asegur\u00f3 la funcionaria. <\/p>\n<p>En 2014, el programa provey\u00f3 medicamentos para el VIH y asistencia en el pago de costos relacionados para 8.339 personas, lo que supone m\u00e1s del 70 % de la poblaci\u00f3n que porta ese virus en la isla y recibe tratamiento sin tener cobertura m\u00e9dica. <\/p>\n<p>&lsquo;Nuestros esfuerzos van encaminados a asegurar el acceso a tratamiento de calidad para las personas con VIH, garantizar su continuo cuidado y mantener su carga viral suprimida. De esta forma, aseguramos una vida de calidad a esta comunidad&rsquo;, expres\u00f3 la directora del programa, Norma Delgado Mercado, en el comunicado. <\/p>\n","protected":false},"excerpt":{"rendered":"<p>Puerto Rico ha recibido una asignaci\u00f3n de m\u00e1s de ocho <a href=\"https:\/\/sertv.gob.pa\/nacionalfm\/apoyo-financiero-para-pacientes-de-vih-en-puerto-rico\/\"> [&#8230;]<\/a><\/p>\n","protected":false},"author":1,"featured_media":4932,"comment_status":"closed","ping_status":"closed","sticky":false,"template":"","format":"standard","meta":{"footnotes":""},"categories":[5],"tags":[],"class_list":["post-4931","post","type-post","status-publish","format-standard","has-post-thumbnail","hentry","category-salud"],"_links":{"self":[{"href":"https:\/\/sertv.gob.pa\/nacionalfm\/wp-json\/wp\/v2\/posts\/4931","targetHints":{"allow":["GET"]}}],"collection":[{"href":"https:\/\/sertv.gob.pa\/nacionalfm\/wp-json\/wp\/v2\/posts"}],"about":[{"href":"https:\/\/sertv.gob.pa\/nacionalfm\/wp-json\/wp\/v2\/types\/post"}],"author":[{"embeddable":true,"href":"https:\/\/sertv.gob.pa\/nacionalfm\/wp-json\/wp\/v2\/users\/1"}],"replies":[{"embeddable":true,"href":"https:\/\/sertv.gob.pa\/nacionalfm\/wp-json\/wp\/v2\/comments?post=4931"}],"version-history":[{"count":0,"href":"https:\/\/sertv.gob.pa\/nacionalfm\/wp-json\/wp\/v2\/posts\/4931\/revisions"}],"wp:featuredmedia":[{"embeddable":true,"href":"https:\/\/sertv.gob.pa\/nacionalfm\/wp-json\/wp\/v2\/media\/4932"}],"wp:attachment":[{"href":"https:\/\/sertv.gob.pa\/nacionalfm\/wp-json\/wp\/v2\/media?parent=4931"}],"wp:term":[{"taxonomy":"category","embeddable":true,"href":"https:\/\/sertv.gob.pa\/nacionalfm\/wp-json\/wp\/v2\/categories?post=4931"},{"taxonomy":"post_tag","embeddable":true,"href":"https:\/\/sertv.gob.pa\/nacionalfm\/wp-json\/wp\/v2\/tags?post=4931"}],"curies":[{"name":"wp","href":"https:\/\/api.w.org\/{rel}","templated":true}]}}