{"id":49710,"date":"2020-02-07T20:41:29","date_gmt":"2020-02-07T20:41:29","guid":{"rendered":"https:\/\/sertv.gob.pa\/nacionalfm\/?p=49710"},"modified":"2020-02-07T20:41:29","modified_gmt":"2020-02-07T20:41:29","slug":"el-agua-y-las-frutas-apoyo-importante-para-la-hidratacion-del-ser-humano","status":"publish","type":"post","link":"https:\/\/sertv.gob.pa\/nacionalfm\/el-agua-y-las-frutas-apoyo-importante-para-la-hidratacion-del-ser-humano\/","title":{"rendered":"El agua y las frutas \u201capoyo\u201d importante para la hidrataci\u00f3n del ser humano"},"content":{"rendered":"<div class=\"fusion-fullwidth fullwidth-box fusion-builder-row-1 nonhundred-percent-fullwidth non-hundred-percent-height-scrolling\" style=\"--awb-border-radius-top-left:0px;--awb-border-radius-top-right:0px;--awb-border-radius-bottom-right:0px;--awb-border-radius-bottom-left:0px;--awb-flex-wrap:wrap;\" ><div class=\"fusion-builder-row fusion-row\"><div class=\"fusion-layout-column fusion_builder_column fusion-builder-column-0 fusion_builder_column_1_1 1_1 fusion-one-full fusion-column-first fusion-column-last\" style=\"--awb-bg-size:cover;--awb-margin-bottom:0px;\"><div class=\"fusion-column-wrapper fusion-flex-column-wrapper-legacy\"><div class=\"fusion-text fusion-text-1\"><\/div><div class=\"fusion-text fusion-text-2\"><p><strong><em>Tras el arribo del verano, existen actividades a desarrollar que pueden resultar contraproducentes para el cuerpo, ya que existe en muchas ocasiones la exposici\u00f3n al sol, lo cual da como secuela la deshidrataci\u00f3n.<\/em><\/strong><\/p>\n<p>En base a esto, y conforme al nutricionista Jos\u00e9 Ramiro L\u00f3pez, quien labora en la Policl\u00ednica \u201cDr. Carlos N. Brin\u201d de la Caja de Seguro Social (CSS), el 70% de nuestra composici\u00f3n corporal es agua, raz\u00f3n por la cual, es importante mantener ese balance h\u00eddrico para el buen funcionamiento del organismo.<\/p>\n<p>Resalt\u00f3, que la evidencia cient\u00edfica arroja que su bajo consumo, est\u00e1 relacionado con diabetes, hipertensi\u00f3n, enfermedades cardiovasculares, obesidad, inclusive con el c\u00e1ncer, puesto que se ha comprobado que los ni\u00f1os, adolescentes y adultos que no toman suficiente de este l\u00edquido lo reemplazan por otras fuentes como las bebidas artificiales y colorantes, que poseen altos contenidos de az\u00facar.<\/p>\n<p>Revel\u00f3, que la deshidrataci\u00f3n producida por el poco consumo de agua incide, por ejemplo, con el buen rendimiento mental y con las emociones, pues la persona manifiesta irritabilidad; tambi\u00e9n afecta la memoria, lo que repercute de forma negativa en quienes buscan mantenerse \u00e1giles en el trabajo o tener un buen rendimiento escolar.<\/p>\n<p>\u201cEs importante que nuestros ni\u00f1os y adolescentes se mantengan hidratados, para favorecer la memoria y un buen rendimiento escolar. As\u00ed de importante es el agua, porque forma parte de nosotros en un 70%\u201d, a\u00f1adi\u00f3 el nutricionista.<\/p>\n<p>Igual consejo expres\u00f3 a quienes practican actividades f\u00edsicas, ya que deben estar hidratados para tener buen rendimiento.<\/p>\n<p>\u201cLa principal bebida para mantenerse hidratado es el agua. No las bebidas con electrolitos ni las azucaradas, jugos o las gaseosas, que poseen cantidades de sodio que van a causar un efecto contrario\u201d, sentenci\u00f3.<\/p>\n<p><strong><em>Consumo recomendado seg\u00fan la edad<\/em><\/strong><\/p>\n<p>El Lcdo. L\u00f3pez, destac\u00f3, que un informe presentado por la Autoridad Europea de Seguridad Alimentaria, en el que mencionan una serie de recomendaciones respecto al consumo de agua, acorde con la edad.<\/p>\n<p><strong><em>Inform\u00f3, que en ni\u00f1os menores de cuatro a\u00f1os, deben estar tomando, en promedio, de cuatro a cinco vasos de agua por d\u00eda; los ni\u00f1os de cuatro a ocho a\u00f1os, entre seis y siete vasos de agua, y el adolescente debe tomar unos ocho vasos de agua al d\u00eda. En el caso de los adultos varones, deben consumir de ocho a diez vasos, por la cantidad de masa muscular que poseen, que los obliga a estar m\u00e1s hidratados.<\/em><\/strong><\/p>\n<p>Confirm\u00f3 que por estar en temporada seca, a este consumo se le deben sumar dos vasos de agua m\u00e1s, debido a factores como una mayor exposici\u00f3n al sol.<\/p>\n<p><strong><em>Las frutas de temporada, grandes aliadas<\/em><\/strong><\/p>\n<p>El especialista en nutrici\u00f3n revel\u00f3, que la cantidad de l\u00edquido para mantenernos hidratados oscila entre los 3 a 3.5 litros de agua; no obstante, se calcula que la alimentaci\u00f3n debe aportar de 1 a 1.5 litros de agua al d\u00eda, que proviene especialmente de las frutas.<\/p>\n<p>Reconoci\u00f3 que se deben consumir tres porciones de frutas y dos de vegetales.<\/p>\n<p>L\u00f3pez afirm\u00f3 la importancia de decantarse por las frutas de temporada como: la sand\u00eda, mel\u00f3n, naranja, mandarina.<\/p>\n<p>Como ejemplo se\u00f1al\u00f3, que si tomamos una pera o una manzana y la apretamos nos va costar o no saldr\u00e1 nada; en cambio, si exprimimos una naranja, sandia o mel\u00f3n saldr\u00e1 l\u00edquido.<\/p>\n<p>\u201cLa naturaleza sabe que requerimos consumir m\u00e1s agua que en otras zonas, que provienen de las frutas tropicales\u201d, manifest\u00f3.<\/p>\n<p><strong>Escuche las se\u00f1ales de su cuerpo<\/strong><\/p>\n<p>L\u00f3pez destac\u00f3 igualmente, que existe la idea de que cuando el cuerpo se est\u00e1 quedando sin agua, es que da sed, por lo que nunca debemos llegar a esa condici\u00f3n, pues no es totalmente cierta.<\/p>\n<p>Reconoci\u00f3, que la sed es un mecanismo de defensa del cuerpo para decir que ya las reservas est\u00e1n agotadas, porque hay deshidrataci\u00f3n.<\/p>\n<\/div><div class=\"awb-gallery-wrapper awb-gallery-wrapper-1 button-span-no\"><div style=\"margin:-5px;--awb-bordersize:0px;\" class=\"fusion-gallery fusion-gallery-container fusion-grid-3 fusion-columns-total-8 fusion-gallery-layout-grid fusion-gallery-1\"><div style=\"padding:5px;\" class=\"fusion-grid-column fusion-gallery-column fusion-gallery-column-3 hover-type-none\"><div class=\"fusion-gallery-image\"><a href=\"https:\/\/sertv.gob.pa\/nacionalfm\/wp-content\/uploads\/sites\/6\/2020\/02\/agua-potable-necesaria-existencia.jpg\" rel=\"noreferrer\" data-rel=\"iLightbox[gallery_image_1]\" class=\"fusion-lightbox\" target=\"_self\"><img decoding=\"async\" src=\"https:\/\/sertv.gob.pa\/nacionalfm\/wp-content\/uploads\/sites\/6\/2020\/02\/agua-potable-necesaria-existencia.jpg\" width=\"729\" height=\"483\" alt=\"\" title=\"agua potable-necesaria-existencia\" aria-label=\"agua potable-necesaria-existencia\" class=\"img-responsive wp-image-49712\" srcset=\"https:\/\/sertv.gob.pa\/nacionalfm\/wp-content\/uploads\/sites\/6\/2020\/02\/agua-potable-necesaria-existencia-200x133.jpg 200w, https:\/\/sertv.gob.pa\/nacionalfm\/wp-content\/uploads\/sites\/6\/2020\/02\/agua-potable-necesaria-existencia-400x265.jpg 400w, https:\/\/sertv.gob.pa\/nacionalfm\/wp-content\/uploads\/sites\/6\/2020\/02\/agua-potable-necesaria-existencia-600x398.jpg 600w, https:\/\/sertv.gob.pa\/nacionalfm\/wp-content\/uploads\/sites\/6\/2020\/02\/agua-potable-necesaria-existencia.jpg 729w\" sizes=\"(min-width: 2200px) 100vw, (min-width: 784px) 363px, (min-width: 712px) 545px, (min-width: 640px) 712px, \" \/><\/a><\/div><\/div><div style=\"padding:5px;\" class=\"fusion-grid-column fusion-gallery-column fusion-gallery-column-3 hover-type-none\"><div class=\"fusion-gallery-image\"><a href=\"https:\/\/sertv.gob.pa\/nacionalfm\/wp-content\/uploads\/sites\/6\/2020\/02\/se\u00f1ores-ejercicios.jpg\" rel=\"noreferrer\" data-rel=\"iLightbox[gallery_image_1]\" class=\"fusion-lightbox\" target=\"_self\"><img decoding=\"async\" src=\"https:\/\/sertv.gob.pa\/nacionalfm\/wp-content\/uploads\/sites\/6\/2020\/02\/se\u00f1ores-ejercicios.jpg\" width=\"600\" height=\"345\" alt=\"\" title=\"se\u00f1ores ejercicios\" aria-label=\"se\u00f1ores ejercicios\" class=\"img-responsive wp-image-49713\" srcset=\"https:\/\/sertv.gob.pa\/nacionalfm\/wp-content\/uploads\/sites\/6\/2020\/02\/se\u00f1ores-ejercicios-200x115.jpg 200w, https:\/\/sertv.gob.pa\/nacionalfm\/wp-content\/uploads\/sites\/6\/2020\/02\/se\u00f1ores-ejercicios-400x230.jpg 400w, https:\/\/sertv.gob.pa\/nacionalfm\/wp-content\/uploads\/sites\/6\/2020\/02\/se\u00f1ores-ejercicios.jpg 600w\" sizes=\"(min-width: 2200px) 100vw, (min-width: 784px) 363px, (min-width: 712px) 545px, (min-width: 640px) 712px, \" \/><\/a><\/div><\/div><div style=\"padding:5px;\" class=\"fusion-grid-column fusion-gallery-column fusion-gallery-column-3 hover-type-none\"><div class=\"fusion-gallery-image\"><a href=\"https:\/\/sertv.gob.pa\/nacionalfm\/wp-content\/uploads\/sites\/6\/2020\/02\/ni\u00f1a-dedito-agua.jpg\" rel=\"noreferrer\" data-rel=\"iLightbox[gallery_image_1]\" class=\"fusion-lightbox\" target=\"_self\"><img decoding=\"async\" src=\"https:\/\/sertv.gob.pa\/nacionalfm\/wp-content\/uploads\/sites\/6\/2020\/02\/ni\u00f1a-dedito-agua.jpg\" width=\"600\" height=\"486\" alt=\"\" title=\"Child drinking water from glass\" aria-label=\"Child drinking water from glass\" class=\"img-responsive wp-image-49714\" srcset=\"https:\/\/sertv.gob.pa\/nacionalfm\/wp-content\/uploads\/sites\/6\/2020\/02\/ni\u00f1a-dedito-agua-200x162.jpg 200w, https:\/\/sertv.gob.pa\/nacionalfm\/wp-content\/uploads\/sites\/6\/2020\/02\/ni\u00f1a-dedito-agua-400x324.jpg 400w, https:\/\/sertv.gob.pa\/nacionalfm\/wp-content\/uploads\/sites\/6\/2020\/02\/ni\u00f1a-dedito-agua.jpg 600w\" sizes=\"(min-width: 2200px) 100vw, (min-width: 784px) 363px, (min-width: 712px) 545px, (min-width: 640px) 712px, \" \/><\/a><\/div><\/div><div class=\"clearfix\"><\/div><div style=\"padding:5px;\" class=\"fusion-grid-column fusion-gallery-column fusion-gallery-column-3 hover-type-none\"><div class=\"fusion-gallery-image\"><a href=\"https:\/\/sertv.gob.pa\/nacionalfm\/wp-content\/uploads\/sites\/6\/2020\/02\/agua-correr.png\" rel=\"noreferrer\" data-rel=\"iLightbox[gallery_image_1]\" class=\"fusion-lightbox\" target=\"_self\"><img decoding=\"async\" src=\"https:\/\/sertv.gob.pa\/nacionalfm\/wp-content\/uploads\/sites\/6\/2020\/02\/agua-correr.png\" width=\"678\" height=\"508\" alt=\"\" title=\"agua correr\" aria-label=\"agua correr\" class=\"img-responsive wp-image-49715\" srcset=\"https:\/\/sertv.gob.pa\/nacionalfm\/wp-content\/uploads\/sites\/6\/2020\/02\/agua-correr-200x150.png 200w, https:\/\/sertv.gob.pa\/nacionalfm\/wp-content\/uploads\/sites\/6\/2020\/02\/agua-correr-400x300.png 400w, https:\/\/sertv.gob.pa\/nacionalfm\/wp-content\/uploads\/sites\/6\/2020\/02\/agua-correr-600x450.png 600w, https:\/\/sertv.gob.pa\/nacionalfm\/wp-content\/uploads\/sites\/6\/2020\/02\/agua-correr.png 678w\" sizes=\"(min-width: 2200px) 100vw, (min-width: 784px) 363px, (min-width: 712px) 545px, (min-width: 640px) 712px, \" \/><\/a><\/div><\/div><div style=\"padding:5px;\" class=\"fusion-grid-column fusion-gallery-column fusion-gallery-column-3 hover-type-none\"><div class=\"fusion-gallery-image\"><a href=\"https:\/\/sertv.gob.pa\/nacionalfm\/wp-content\/uploads\/sites\/6\/2020\/02\/familia-frutas.jpg\" rel=\"noreferrer\" data-rel=\"iLightbox[gallery_image_1]\" class=\"fusion-lightbox\" target=\"_self\"><img decoding=\"async\" src=\"https:\/\/sertv.gob.pa\/nacionalfm\/wp-content\/uploads\/sites\/6\/2020\/02\/familia-frutas.jpg\" width=\"640\" height=\"330\" alt=\"\" title=\"familia frutas\" aria-label=\"familia frutas\" class=\"img-responsive wp-image-49716\" srcset=\"https:\/\/sertv.gob.pa\/nacionalfm\/wp-content\/uploads\/sites\/6\/2020\/02\/familia-frutas-200x103.jpg 200w, https:\/\/sertv.gob.pa\/nacionalfm\/wp-content\/uploads\/sites\/6\/2020\/02\/familia-frutas-400x206.jpg 400w, https:\/\/sertv.gob.pa\/nacionalfm\/wp-content\/uploads\/sites\/6\/2020\/02\/familia-frutas-600x309.jpg 600w, https:\/\/sertv.gob.pa\/nacionalfm\/wp-content\/uploads\/sites\/6\/2020\/02\/familia-frutas.jpg 640w\" sizes=\"(min-width: 2200px) 100vw, (min-width: 784px) 363px, (min-width: 712px) 545px, (min-width: 640px) 712px, \" \/><\/a><\/div><\/div><div style=\"padding:5px;\" class=\"fusion-grid-column fusion-gallery-column fusion-gallery-column-3 hover-type-none\"><div class=\"fusion-gallery-image\"><a href=\"https:\/\/sertv.gob.pa\/nacionalfm\/wp-content\/uploads\/sites\/6\/2020\/02\/mujer-sand\u00eda.jpg\" rel=\"noreferrer\" data-rel=\"iLightbox[gallery_image_1]\" class=\"fusion-lightbox\" target=\"_self\"><img decoding=\"async\" src=\"https:\/\/sertv.gob.pa\/nacionalfm\/wp-content\/uploads\/sites\/6\/2020\/02\/mujer-sand\u00eda.jpg\" width=\"750\" height=\"422\" alt=\"\" title=\"mujer sand\u00eda\" aria-label=\"mujer sand\u00eda\" class=\"img-responsive wp-image-49717\" srcset=\"https:\/\/sertv.gob.pa\/nacionalfm\/wp-content\/uploads\/sites\/6\/2020\/02\/mujer-sand\u00eda-200x113.jpg 200w, https:\/\/sertv.gob.pa\/nacionalfm\/wp-content\/uploads\/sites\/6\/2020\/02\/mujer-sand\u00eda-400x225.jpg 400w, https:\/\/sertv.gob.pa\/nacionalfm\/wp-content\/uploads\/sites\/6\/2020\/02\/mujer-sand\u00eda-600x338.jpg 600w, https:\/\/sertv.gob.pa\/nacionalfm\/wp-content\/uploads\/sites\/6\/2020\/02\/mujer-sand\u00eda.jpg 750w\" sizes=\"(min-width: 2200px) 100vw, (min-width: 784px) 363px, (min-width: 712px) 545px, (min-width: 640px) 712px, \" \/><\/a><\/div><\/div><div class=\"clearfix\"><\/div><div style=\"padding:5px;\" class=\"fusion-grid-column fusion-gallery-column fusion-gallery-column-3 hover-type-none\"><div class=\"fusion-gallery-image\"><a href=\"https:\/\/sertv.gob.pa\/nacionalfm\/wp-content\/uploads\/sites\/6\/2020\/02\/chicos-sand\u00edas.jpg\" rel=\"noreferrer\" data-rel=\"iLightbox[gallery_image_1]\" class=\"fusion-lightbox\" target=\"_self\"><img decoding=\"async\" src=\"https:\/\/sertv.gob.pa\/nacionalfm\/wp-content\/uploads\/sites\/6\/2020\/02\/chicos-sand\u00edas.jpg\" width=\"700\" height=\"467\" alt=\"\" title=\"chicos sand\u00edas\" aria-label=\"chicos sand\u00edas\" class=\"img-responsive wp-image-49718\" srcset=\"https:\/\/sertv.gob.pa\/nacionalfm\/wp-content\/uploads\/sites\/6\/2020\/02\/chicos-sand\u00edas-200x133.jpg 200w, https:\/\/sertv.gob.pa\/nacionalfm\/wp-content\/uploads\/sites\/6\/2020\/02\/chicos-sand\u00edas-400x267.jpg 400w, https:\/\/sertv.gob.pa\/nacionalfm\/wp-content\/uploads\/sites\/6\/2020\/02\/chicos-sand\u00edas-600x400.jpg 600w, https:\/\/sertv.gob.pa\/nacionalfm\/wp-content\/uploads\/sites\/6\/2020\/02\/chicos-sand\u00edas.jpg 700w\" sizes=\"(min-width: 2200px) 100vw, (min-width: 784px) 363px, (min-width: 712px) 545px, (min-width: 640px) 712px, \" \/><\/a><\/div><\/div><div style=\"padding:5px;\" class=\"fusion-grid-column fusion-gallery-column fusion-gallery-column-3 hover-type-none\"><div class=\"fusion-gallery-image\"><a href=\"https:\/\/sertv.gob.pa\/nacionalfm\/wp-content\/uploads\/sites\/6\/2020\/02\/chica-sand\u00eda-2.jpg\" rel=\"noreferrer\" data-rel=\"iLightbox[gallery_image_1]\" class=\"fusion-lightbox\" target=\"_self\"><img decoding=\"async\" src=\"https:\/\/sertv.gob.pa\/nacionalfm\/wp-content\/uploads\/sites\/6\/2020\/02\/chica-sand\u00eda-2.jpg\" width=\"1317\" height=\"878\" alt=\"\" title=\"chica sand\u00eda 2\" aria-label=\"chica sand\u00eda 2\" class=\"img-responsive wp-image-49719\" srcset=\"https:\/\/sertv.gob.pa\/nacionalfm\/wp-content\/uploads\/sites\/6\/2020\/02\/chica-sand\u00eda-2-200x133.jpg 200w, https:\/\/sertv.gob.pa\/nacionalfm\/wp-content\/uploads\/sites\/6\/2020\/02\/chica-sand\u00eda-2-400x267.jpg 400w, https:\/\/sertv.gob.pa\/nacionalfm\/wp-content\/uploads\/sites\/6\/2020\/02\/chica-sand\u00eda-2-600x400.jpg 600w, https:\/\/sertv.gob.pa\/nacionalfm\/wp-content\/uploads\/sites\/6\/2020\/02\/chica-sand\u00eda-2-800x533.jpg 800w, https:\/\/sertv.gob.pa\/nacionalfm\/wp-content\/uploads\/sites\/6\/2020\/02\/chica-sand\u00eda-2-1200x800.jpg 1200w, https:\/\/sertv.gob.pa\/nacionalfm\/wp-content\/uploads\/sites\/6\/2020\/02\/chica-sand\u00eda-2.jpg 1317w\" sizes=\"(min-width: 2200px) 100vw, (min-width: 784px) 363px, (min-width: 712px) 545px, (min-width: 640px) 712px, \" \/><\/a><\/div><\/div><\/div><\/div><div class=\"fusion-clearfix\"><\/div><\/div><\/div><\/div><\/div>\n","protected":false},"excerpt":{"rendered":"","protected":false},"author":9,"featured_media":49711,"comment_status":"closed","ping_status":"closed","sticky":false,"template":"","format":"standard","meta":{"footnotes":""},"categories":[5],"tags":[],"class_list":["post-49710","post","type-post","status-publish","format-standard","has-post-thumbnail","hentry","category-salud"],"_links":{"self":[{"href":"https:\/\/sertv.gob.pa\/nacionalfm\/wp-json\/wp\/v2\/posts\/49710","targetHints":{"allow":["GET"]}}],"collection":[{"href":"https:\/\/sertv.gob.pa\/nacionalfm\/wp-json\/wp\/v2\/posts"}],"about":[{"href":"https:\/\/sertv.gob.pa\/nacionalfm\/wp-json\/wp\/v2\/types\/post"}],"author":[{"embeddable":true,"href":"https:\/\/sertv.gob.pa\/nacionalfm\/wp-json\/wp\/v2\/users\/9"}],"replies":[{"embeddable":true,"href":"https:\/\/sertv.gob.pa\/nacionalfm\/wp-json\/wp\/v2\/comments?post=49710"}],"version-history":[{"count":1,"href":"https:\/\/sertv.gob.pa\/nacionalfm\/wp-json\/wp\/v2\/posts\/49710\/revisions"}],"predecessor-version":[{"id":49720,"href":"https:\/\/sertv.gob.pa\/nacionalfm\/wp-json\/wp\/v2\/posts\/49710\/revisions\/49720"}],"wp:featuredmedia":[{"embeddable":true,"href":"https:\/\/sertv.gob.pa\/nacionalfm\/wp-json\/wp\/v2\/media\/49711"}],"wp:attachment":[{"href":"https:\/\/sertv.gob.pa\/nacionalfm\/wp-json\/wp\/v2\/media?parent=49710"}],"wp:term":[{"taxonomy":"category","embeddable":true,"href":"https:\/\/sertv.gob.pa\/nacionalfm\/wp-json\/wp\/v2\/categories?post=49710"},{"taxonomy":"post_tag","embeddable":true,"href":"https:\/\/sertv.gob.pa\/nacionalfm\/wp-json\/wp\/v2\/tags?post=49710"}],"curies":[{"name":"wp","href":"https:\/\/api.w.org\/{rel}","templated":true}]}}