{"id":49931,"date":"2020-02-12T19:55:41","date_gmt":"2020-02-12T19:55:41","guid":{"rendered":"https:\/\/sertv.gob.pa\/nacionalfm\/?p=49931"},"modified":"2020-02-12T19:55:41","modified_gmt":"2020-02-12T19:55:41","slug":"polifarmacia-sindrome-geriatrico-que-afecta-a-los-adultos-mayores","status":"publish","type":"post","link":"https:\/\/sertv.gob.pa\/nacionalfm\/polifarmacia-sindrome-geriatrico-que-afecta-a-los-adultos-mayores\/","title":{"rendered":"Polifarmacia: S\u00edndrome geri\u00e1trico que afecta a los adultos mayores"},"content":{"rendered":"<p>A medida que se envejece es mayor es la posibilidad de padecer de enfermedades, ya sean agudas o cr\u00f3nicas, esa condici\u00f3n lleva al consumo de tres o m\u00e1s medicamentos diarios; eso, sin considerar el uso de f\u00e1rmacos que no requieren prescripci\u00f3n m\u00e9dica, como analg\u00e9sicos y antiinflamatorios, minerales, vitaminas y compuestos de origen natural. A ese h\u00e1bito frecuente y com\u00fan entre los adultos mayores se le conoce como <strong><em>\u201cpolifarmacia\u201d.<\/em><\/strong><\/p>\n<p>Seg\u00fan la Organizaci\u00f3n Mundial de la Salud (OMS), la <strong>polifarmacia<\/strong> se define como un \u201cs\u00edndrome geri\u00e1trico que envuelve el uso concurrente de tres o m\u00e1s f\u00e1rmacos\u201d; es decir, la medicaci\u00f3n de las personas de la tercera edad, que en su consumo habitual, toman al menos tres o m\u00e1s medicamentos.<\/p>\n<p>La OMS estima que m\u00e1s del 85% de los ancianos mayores de 65 a\u00f1os est\u00e1n en esta situaci\u00f3n. Esto se debe a que los adultos mayores presentan generalmente m\u00e1s de una enfermedad que los obliga a ser valorados por varios m\u00e9dicos especialistas, lo que incrementa el n\u00famero de medicinas que consumen.<\/p>\n<p>Acorde a la licenciada Ruth Justiniani, farmac\u00e9utica del Centro de Atenci\u00f3n para la Promoci\u00f3n y Prevenci\u00f3n en Salud (Capps), de Capira, es primordial que el paciente que ingiere varios medicamentos a la vez, se oriente con su m\u00e9dico de cabecera y con el personal de farmacia, ya que cada medicamento tiene una funci\u00f3n especial, y un horario indicado para tomarlo, dependiendo de la enfermedad o dolencia del paciente.<\/p>\n<p>Justiniani, asever\u00f3, que algunos f\u00e1rmacos pueden crear interacci\u00f3n con otros a la hora de ingerirlos, y puede crear efectos negativos.<\/p>\n<p><strong>Es importante prestar atenci\u00f3n a las siguientes recomendaciones si usted o un familiar toman m\u00e1s de dos medicamentos:<\/strong><\/p>\n<p><strong>\u00a0<\/strong><\/p>\n<ul>\n<li>Evite la automedicaci\u00f3n.<br \/>\n\u2022 Evite combinar f\u00e1rmacos con algunas comidas.<br \/>\n\u2022 No consuma medicamentos con remedios caseros.<br \/>\n\u2022 Inf\u00f3rmese con m\u00e9dicos y farmac\u00e9uticos antes de ingerir alg\u00fan medicamento.<\/li>\n<\/ul>\n<p>Estudios han demostrado que los adultos mayores que usan, en promedio, de 2 a 6 f\u00e1rmacos recetados por el m\u00e9dico, y de 1 a 3 productos de medicina natural, pueden estar en riesgo de sufrir alg\u00fan efecto no deseado, de 2 a 7 veces m\u00e1s que alguien que solo consume uno o dos medicamentos.<\/p>\n","protected":false},"excerpt":{"rendered":"<p>A medida que se envejece es mayor es la posibilidad <a href=\"https:\/\/sertv.gob.pa\/nacionalfm\/polifarmacia-sindrome-geriatrico-que-afecta-a-los-adultos-mayores\/\"> [&#8230;]<\/a><\/p>\n","protected":false},"author":9,"featured_media":49932,"comment_status":"closed","ping_status":"closed","sticky":false,"template":"","format":"standard","meta":{"footnotes":""},"categories":[5],"tags":[],"class_list":["post-49931","post","type-post","status-publish","format-standard","has-post-thumbnail","hentry","category-salud"],"_links":{"self":[{"href":"https:\/\/sertv.gob.pa\/nacionalfm\/wp-json\/wp\/v2\/posts\/49931","targetHints":{"allow":["GET"]}}],"collection":[{"href":"https:\/\/sertv.gob.pa\/nacionalfm\/wp-json\/wp\/v2\/posts"}],"about":[{"href":"https:\/\/sertv.gob.pa\/nacionalfm\/wp-json\/wp\/v2\/types\/post"}],"author":[{"embeddable":true,"href":"https:\/\/sertv.gob.pa\/nacionalfm\/wp-json\/wp\/v2\/users\/9"}],"replies":[{"embeddable":true,"href":"https:\/\/sertv.gob.pa\/nacionalfm\/wp-json\/wp\/v2\/comments?post=49931"}],"version-history":[{"count":1,"href":"https:\/\/sertv.gob.pa\/nacionalfm\/wp-json\/wp\/v2\/posts\/49931\/revisions"}],"predecessor-version":[{"id":49935,"href":"https:\/\/sertv.gob.pa\/nacionalfm\/wp-json\/wp\/v2\/posts\/49931\/revisions\/49935"}],"wp:featuredmedia":[{"embeddable":true,"href":"https:\/\/sertv.gob.pa\/nacionalfm\/wp-json\/wp\/v2\/media\/49932"}],"wp:attachment":[{"href":"https:\/\/sertv.gob.pa\/nacionalfm\/wp-json\/wp\/v2\/media?parent=49931"}],"wp:term":[{"taxonomy":"category","embeddable":true,"href":"https:\/\/sertv.gob.pa\/nacionalfm\/wp-json\/wp\/v2\/categories?post=49931"},{"taxonomy":"post_tag","embeddable":true,"href":"https:\/\/sertv.gob.pa\/nacionalfm\/wp-json\/wp\/v2\/tags?post=49931"}],"curies":[{"name":"wp","href":"https:\/\/api.w.org\/{rel}","templated":true}]}}