{"id":50092,"date":"2020-02-14T20:59:56","date_gmt":"2020-02-14T20:59:56","guid":{"rendered":"https:\/\/sertv.gob.pa\/nacionalfm\/?p=50092"},"modified":"2020-02-17T13:15:26","modified_gmt":"2020-02-17T13:15:26","slug":"aumentan-las-exportaciones-de-pina-hacia-europa-en-beneficio-de-productores-panamenos","status":"publish","type":"post","link":"https:\/\/sertv.gob.pa\/nacionalfm\/aumentan-las-exportaciones-de-pina-hacia-europa-en-beneficio-de-productores-panamenos\/","title":{"rendered":"Aumentan las exportaciones de pi\u00f1a hacia Europa, en beneficio de productores paname\u00f1os"},"content":{"rendered":"<p>Un total de 180 mil kilos de pi\u00f1a (360 mil libras), fueron exportados v\u00eda a\u00e9rea hacia\u00a0 Europa el pasado 12 de febrero del presente a\u00f1o en beneficio de los productores paname\u00f1os.<\/p>\n<p>As\u00ed lo anunci\u00f3 el director de la Unidad de Agronegocios del Ministerio de Desarrollo Agropecuario de Panam\u00e1 (MIDA), Tom\u00e1s Sol\u00eds, quien indic\u00f3, que en un vuelo Air Europa salieron las 1,260 cajas de pi\u00f1as de la empresa Verba Odre, ubicada en La Chorrera rumbo a Francia, Italia y Alemania.<\/p>\n<p>Las pi\u00f1as de marca La Dona, fueron envaladas en cajas de 6 frutas y 35 palets (soporte de mercanc\u00eda) de 36 cajas cada uno.<\/p>\n<p>Esta fruta, se caracteriza por su dulzura, el fuerte color amarillo en la pulpa, adem\u00e1s de ser una pi\u00f1a joven y firme, seg\u00fan explicaciones de Sol\u00eds.<\/p>\n<p>El producto tendr\u00e1 un costo en el mercado europeo entre 10 y 12 balboas por unidad para el consumidor y llegar\u00e1 a las ciudades donde hay centros culinarios y hoteles de lujo.<\/p>\n<p>Esta empresa comprar\u00e1 la fruta a peque\u00f1os productores manteniendo la calidad al tiempo que piensan compartir los incentivos.<\/p>\n<p>Cabe resaltar, que para el d\u00eda de hoy, se tiene programado otro env\u00edo del producto a Finlandia, toda vez, que la empresa busca posesionarse en los mercados europeos de Mil\u00e1n, Ginebra Suiza, Paris y Berl\u00edn, ya que Panam\u00e1, posee la ventaja log\u00edstica a diferencia de otros pa\u00edses para aumentar las exportaciones.<\/p>\n","protected":false},"excerpt":{"rendered":"<p>Un total de 180 mil kilos de pi\u00f1a (360 mil <a href=\"https:\/\/sertv.gob.pa\/nacionalfm\/aumentan-las-exportaciones-de-pina-hacia-europa-en-beneficio-de-productores-panamenos\/\"> [&#8230;]<\/a><\/p>\n","protected":false},"author":9,"featured_media":50093,"comment_status":"closed","ping_status":"closed","sticky":false,"template":"","format":"standard","meta":{"footnotes":""},"categories":[2],"tags":[],"class_list":["post-50092","post","type-post","status-publish","format-standard","has-post-thumbnail","hentry","category-nacionales"],"_links":{"self":[{"href":"https:\/\/sertv.gob.pa\/nacionalfm\/wp-json\/wp\/v2\/posts\/50092","targetHints":{"allow":["GET"]}}],"collection":[{"href":"https:\/\/sertv.gob.pa\/nacionalfm\/wp-json\/wp\/v2\/posts"}],"about":[{"href":"https:\/\/sertv.gob.pa\/nacionalfm\/wp-json\/wp\/v2\/types\/post"}],"author":[{"embeddable":true,"href":"https:\/\/sertv.gob.pa\/nacionalfm\/wp-json\/wp\/v2\/users\/9"}],"replies":[{"embeddable":true,"href":"https:\/\/sertv.gob.pa\/nacionalfm\/wp-json\/wp\/v2\/comments?post=50092"}],"version-history":[{"count":2,"href":"https:\/\/sertv.gob.pa\/nacionalfm\/wp-json\/wp\/v2\/posts\/50092\/revisions"}],"predecessor-version":[{"id":50099,"href":"https:\/\/sertv.gob.pa\/nacionalfm\/wp-json\/wp\/v2\/posts\/50092\/revisions\/50099"}],"wp:featuredmedia":[{"embeddable":true,"href":"https:\/\/sertv.gob.pa\/nacionalfm\/wp-json\/wp\/v2\/media\/50093"}],"wp:attachment":[{"href":"https:\/\/sertv.gob.pa\/nacionalfm\/wp-json\/wp\/v2\/media?parent=50092"}],"wp:term":[{"taxonomy":"category","embeddable":true,"href":"https:\/\/sertv.gob.pa\/nacionalfm\/wp-json\/wp\/v2\/categories?post=50092"},{"taxonomy":"post_tag","embeddable":true,"href":"https:\/\/sertv.gob.pa\/nacionalfm\/wp-json\/wp\/v2\/tags?post=50092"}],"curies":[{"name":"wp","href":"https:\/\/api.w.org\/{rel}","templated":true}]}}