{"id":50232,"date":"2020-02-18T19:37:51","date_gmt":"2020-02-18T19:37:51","guid":{"rendered":"https:\/\/sertv.gob.pa\/nacionalfm\/?p=50232"},"modified":"2020-02-18T19:37:51","modified_gmt":"2020-02-18T19:37:51","slug":"hospital-rafael-estevez-en-aguadulce-refuerza-servicios-de-urgencias-por-operativo-de-carnaval","status":"publish","type":"post","link":"https:\/\/sertv.gob.pa\/nacionalfm\/hospital-rafael-estevez-en-aguadulce-refuerza-servicios-de-urgencias-por-operativo-de-carnaval\/","title":{"rendered":"Hospital \u201cRafael Est\u00e9vez\u201d, en Aguadulce, refuerza servicios de urgencias por operativo de carnaval"},"content":{"rendered":"<p>Personal de salud del Hospital \u201cDr. Rafael Est\u00e9vez\u201d, en Aguadulce, se prepara para atender el operativo de carnaval \u201cGuardianes 2020\u201d, en el cual la Caja de Seguro Social toma las medidas preventivas para la atenci\u00f3n de pacientes, comunic\u00f3 el Dr. Bol\u00edvar Salda\u00f1a, director m\u00e9dico de esta instalaci\u00f3n.<\/p>\n<p>Salda\u00f1a, revel\u00f3, que el cuarto de urgencia se prepara para cualquier contingencia y que se mantendr\u00e1, en estos 5 d\u00edas de carnaval, personal m\u00e9dico, t\u00e9cnico, coordinadores de filtro, enfermeras, trabajadores manuales y administrativos.<\/p>\n<p>Cabe resaltar, que durante los d\u00edas del carnaval, las patolog\u00edas m\u00e1s frecuentes son traumas a causa de accidentes de tr\u00e1nsito, por el abuso de algunos conductores en las ingesta de bebidas alcoh\u00f3licas, agresiones, fracturas, hipertensos y diab\u00e9ticos descompensados, y algunos casos por problemas cardiacos, enfatiz\u00f3 Salda\u00f1a.<\/p>\n<p>Respecto a insumos m\u00e9dicos, el Dr. Salda\u00f1a afirm\u00f3, que se mantiene los porcentajes \u00f3ptimos de abastecimiento para dar respuesta a la poblaci\u00f3n asegurada durante las fiestas del dios Momo.<\/p>\n","protected":false},"excerpt":{"rendered":"<p>Personal de salud del Hospital \u201cDr. Rafael Est\u00e9vez\u201d, en Aguadulce, <a href=\"https:\/\/sertv.gob.pa\/nacionalfm\/hospital-rafael-estevez-en-aguadulce-refuerza-servicios-de-urgencias-por-operativo-de-carnaval\/\"> [&#8230;]<\/a><\/p>\n","protected":false},"author":9,"featured_media":50233,"comment_status":"closed","ping_status":"closed","sticky":false,"template":"","format":"standard","meta":{"footnotes":""},"categories":[5],"tags":[],"class_list":["post-50232","post","type-post","status-publish","format-standard","has-post-thumbnail","hentry","category-salud"],"_links":{"self":[{"href":"https:\/\/sertv.gob.pa\/nacionalfm\/wp-json\/wp\/v2\/posts\/50232","targetHints":{"allow":["GET"]}}],"collection":[{"href":"https:\/\/sertv.gob.pa\/nacionalfm\/wp-json\/wp\/v2\/posts"}],"about":[{"href":"https:\/\/sertv.gob.pa\/nacionalfm\/wp-json\/wp\/v2\/types\/post"}],"author":[{"embeddable":true,"href":"https:\/\/sertv.gob.pa\/nacionalfm\/wp-json\/wp\/v2\/users\/9"}],"replies":[{"embeddable":true,"href":"https:\/\/sertv.gob.pa\/nacionalfm\/wp-json\/wp\/v2\/comments?post=50232"}],"version-history":[{"count":1,"href":"https:\/\/sertv.gob.pa\/nacionalfm\/wp-json\/wp\/v2\/posts\/50232\/revisions"}],"predecessor-version":[{"id":50234,"href":"https:\/\/sertv.gob.pa\/nacionalfm\/wp-json\/wp\/v2\/posts\/50232\/revisions\/50234"}],"wp:featuredmedia":[{"embeddable":true,"href":"https:\/\/sertv.gob.pa\/nacionalfm\/wp-json\/wp\/v2\/media\/50233"}],"wp:attachment":[{"href":"https:\/\/sertv.gob.pa\/nacionalfm\/wp-json\/wp\/v2\/media?parent=50232"}],"wp:term":[{"taxonomy":"category","embeddable":true,"href":"https:\/\/sertv.gob.pa\/nacionalfm\/wp-json\/wp\/v2\/categories?post=50232"},{"taxonomy":"post_tag","embeddable":true,"href":"https:\/\/sertv.gob.pa\/nacionalfm\/wp-json\/wp\/v2\/tags?post=50232"}],"curies":[{"name":"wp","href":"https:\/\/api.w.org\/{rel}","templated":true}]}}