{"id":5051,"date":"2015-04-13T19:57:16","date_gmt":"2015-04-13T19:57:16","guid":{"rendered":""},"modified":"2015-04-13T19:57:16","modified_gmt":"2015-04-13T19:57:16","slug":"obesos-tienen-menor-riesgo-de-demencia","status":"publish","type":"post","link":"https:\/\/sertv.gob.pa\/nacionalfm\/obesos-tienen-menor-riesgo-de-demencia\/","title":{"rendered":"Obesos tienen menor riesgo de demencia"},"content":{"rendered":"<p>\nHasta ahora se hab\u00eda pensado que llevar un estilo de vida saludable, incluyendo evitar el sobrepeso, eran claves para reducir el riesgo de demencia. <\/p>\n<p>Pero el m\u00e1s completo y preciso estudio jam\u00e1s hecho sobre el tema ha puesto esa creencia patas para arriba, no sin poca controversia. <\/p>\n<p>El estudio, publicado en la revista m\u00e9dica brit\u00e1nica  The Lancet , encontr\u00f3 que las personas con sobrepeso sufren menos de demencia. <\/p>\n<p>Y el resultado sorprendi\u00f3 a los propios investigadores, porque va en contra de lo afirmado por estudios previos y de lo que aconsejan los m\u00e9dicos. <\/p>\n<p>La investigaci\u00f3n analiz\u00f3 el caso de casi dos millones de personas en el Reino Unido y determin\u00f3 que, \u00abcomparado con gente de peso saludable o normal, las personas de bajo peso tienen un mayor riesgo, pero los obesos o en sobrepeso tienen un riesgo menor\u00bb, manifest\u00f3 a la BBC Nawab Qizilbash, de la organizaci\u00f3n brit\u00e1nica Oxon Epidemiology, que dirigi\u00f3 el estudio. <\/p>\n<p>\u00bfY cu\u00e1l es la raz\u00f3n? <\/p>\n<p>Efectivamente, como el propio profesor Qizilbash reconoce, la raz\u00f3n de la relaci\u00f3n entre demencia y peso corporal todav\u00eda no est\u00e1 clara y es algo que tiene que investigarse. <\/p>\n<p>\u00abPero hay evidencias de que la deficiencia de vitaminas D y E est\u00e1n asociadas a un mayor riesgo de demencia, y puede ser que esto sea menos com\u00fan en personas que comen m\u00e1s\u00bb, sugiere. <\/p>\n<p>\u00a0\u00a0\u00a0\u00a0\u00a0\u00a0\u00a0\u00a0\u00a0\u00a0\u00a0 <\/p>\n<p>\u00a0 <\/p>\n","protected":false},"excerpt":{"rendered":"<p>Hasta ahora se hab\u00eda pensado que llevar un estilo de <a href=\"https:\/\/sertv.gob.pa\/nacionalfm\/obesos-tienen-menor-riesgo-de-demencia\/\"> [&#8230;]<\/a><\/p>\n","protected":false},"author":1,"featured_media":5052,"comment_status":"closed","ping_status":"closed","sticky":false,"template":"","format":"standard","meta":{"footnotes":""},"categories":[5],"tags":[],"class_list":["post-5051","post","type-post","status-publish","format-standard","has-post-thumbnail","hentry","category-salud"],"_links":{"self":[{"href":"https:\/\/sertv.gob.pa\/nacionalfm\/wp-json\/wp\/v2\/posts\/5051","targetHints":{"allow":["GET"]}}],"collection":[{"href":"https:\/\/sertv.gob.pa\/nacionalfm\/wp-json\/wp\/v2\/posts"}],"about":[{"href":"https:\/\/sertv.gob.pa\/nacionalfm\/wp-json\/wp\/v2\/types\/post"}],"author":[{"embeddable":true,"href":"https:\/\/sertv.gob.pa\/nacionalfm\/wp-json\/wp\/v2\/users\/1"}],"replies":[{"embeddable":true,"href":"https:\/\/sertv.gob.pa\/nacionalfm\/wp-json\/wp\/v2\/comments?post=5051"}],"version-history":[{"count":0,"href":"https:\/\/sertv.gob.pa\/nacionalfm\/wp-json\/wp\/v2\/posts\/5051\/revisions"}],"wp:featuredmedia":[{"embeddable":true,"href":"https:\/\/sertv.gob.pa\/nacionalfm\/wp-json\/wp\/v2\/media\/5052"}],"wp:attachment":[{"href":"https:\/\/sertv.gob.pa\/nacionalfm\/wp-json\/wp\/v2\/media?parent=5051"}],"wp:term":[{"taxonomy":"category","embeddable":true,"href":"https:\/\/sertv.gob.pa\/nacionalfm\/wp-json\/wp\/v2\/categories?post=5051"},{"taxonomy":"post_tag","embeddable":true,"href":"https:\/\/sertv.gob.pa\/nacionalfm\/wp-json\/wp\/v2\/tags?post=5051"}],"curies":[{"name":"wp","href":"https:\/\/api.w.org\/{rel}","templated":true}]}}