{"id":5057,"date":"2015-04-14T15:37:45","date_gmt":"2015-04-14T15:37:45","guid":{"rendered":""},"modified":"2015-04-14T15:37:45","modified_gmt":"2015-04-14T15:37:45","slug":"en-nicaragua-aislan-a-diplomatico-sospechoso-de-ebola","status":"publish","type":"post","link":"https:\/\/sertv.gob.pa\/nacionalfm\/en-nicaragua-aislan-a-diplomatico-sospechoso-de-ebola\/","title":{"rendered":"En Nicaragua aislan a diplom\u00e1tico sospechoso de \u00e9bola"},"content":{"rendered":"<p>\nLas autoridades sanitarias de  Nicaragua  informaron que mantienen aislado a un diplom\u00e1tico estadounidense que estuvo en Liberia y gestionan su repatriaci\u00f3n hacia  Estados Unidos . <\/p>\n<p>Nicaragua report\u00f3 \u00a0que un estadounidense de 51 a\u00f1os, cuyo nombre no fue revelado, funcionario de la Embajada de los Estados Unidos en Managua, est\u00e1 \u00abaislado\u00bb en su vivienda porque lleg\u00f3 procedente de Liberia y estuvo en recintos donde se atiende a enfermos de  \u00e9bola . <\/p>\n<p>\u00abEl propio ciudadano norteamericano, funcionario de la Embajada de los Estados Unidos, declar\u00f3 a los epidemi\u00f3logos del pa\u00eds de sus antecedentes de haber estado en instituciones de salud en Liberia, donde se brinda atenci\u00f3n a pacientes con \u00e9bola durante sus tres meses de estad\u00eda en ese pa\u00eds\u00bb, indic\u00f3 el Ministerio de Salud (Minsa) de Nicaragua en un comunicado. <\/p>\n<p>No obstante, la embajada de Estados Unidos en Nicaragua, inform\u00f3 que el funcionario s\u00ed estuvo en Liberia, pero \u00aben ning\u00fan momento estuvo en contacto con pacientes de \u00e9bola\u00bb. <\/p>\n<p>Al respecto, el Minsa sostuvo que \u00abno ha tenido ninguna comunicaci\u00f3n oficial\u00bb con la embajada de Estados Unidos sobre el caso del funcionario de esa sede diplom\u00e1tica. <\/p>\n<p>\u00a0 <\/p>\n","protected":false},"excerpt":{"rendered":"<p>Las autoridades sanitarias de Nicaragua informaron que mantienen aislado a <a href=\"https:\/\/sertv.gob.pa\/nacionalfm\/en-nicaragua-aislan-a-diplomatico-sospechoso-de-ebola\/\"> [&#8230;]<\/a><\/p>\n","protected":false},"author":1,"featured_media":5058,"comment_status":"closed","ping_status":"closed","sticky":false,"template":"","format":"standard","meta":{"footnotes":""},"categories":[5],"tags":[],"class_list":["post-5057","post","type-post","status-publish","format-standard","has-post-thumbnail","hentry","category-salud"],"_links":{"self":[{"href":"https:\/\/sertv.gob.pa\/nacionalfm\/wp-json\/wp\/v2\/posts\/5057","targetHints":{"allow":["GET"]}}],"collection":[{"href":"https:\/\/sertv.gob.pa\/nacionalfm\/wp-json\/wp\/v2\/posts"}],"about":[{"href":"https:\/\/sertv.gob.pa\/nacionalfm\/wp-json\/wp\/v2\/types\/post"}],"author":[{"embeddable":true,"href":"https:\/\/sertv.gob.pa\/nacionalfm\/wp-json\/wp\/v2\/users\/1"}],"replies":[{"embeddable":true,"href":"https:\/\/sertv.gob.pa\/nacionalfm\/wp-json\/wp\/v2\/comments?post=5057"}],"version-history":[{"count":0,"href":"https:\/\/sertv.gob.pa\/nacionalfm\/wp-json\/wp\/v2\/posts\/5057\/revisions"}],"wp:featuredmedia":[{"embeddable":true,"href":"https:\/\/sertv.gob.pa\/nacionalfm\/wp-json\/wp\/v2\/media\/5058"}],"wp:attachment":[{"href":"https:\/\/sertv.gob.pa\/nacionalfm\/wp-json\/wp\/v2\/media?parent=5057"}],"wp:term":[{"taxonomy":"category","embeddable":true,"href":"https:\/\/sertv.gob.pa\/nacionalfm\/wp-json\/wp\/v2\/categories?post=5057"},{"taxonomy":"post_tag","embeddable":true,"href":"https:\/\/sertv.gob.pa\/nacionalfm\/wp-json\/wp\/v2\/tags?post=5057"}],"curies":[{"name":"wp","href":"https:\/\/api.w.org\/{rel}","templated":true}]}}