{"id":5065,"date":"2015-04-14T18:37:45","date_gmt":"2015-04-14T18:37:45","guid":{"rendered":""},"modified":"2015-04-14T18:37:45","modified_gmt":"2015-04-14T18:37:45","slug":"investigan-2-casos-sospechosos-de-hantavirus-en-sona","status":"publish","type":"post","link":"https:\/\/sertv.gob.pa\/nacionalfm\/investigan-2-casos-sospechosos-de-hantavirus-en-sona\/","title":{"rendered":"Investigan 2 casos sospechosos de hantavirus en Son\u00e1"},"content":{"rendered":"<p>\nEl Ministerio de Salud de la provincia de Veraguas investiga dos casos sospechosos de posible hatavirus, ambos procedentes del distrito de Son\u00e1, espec\u00edficamente de la comunidad de Calidonia. <\/p>\n<p>Germ\u00e1n Sol\u00eds, director regional del MINSA en Veraguas, expres\u00f3 que el epidemi\u00f3logo Ricardo Chong ya envi\u00f3 la muestras al Centro Conmemorativo Gorgas en la ciudad capital, donde se est\u00e1 en la espera de los resultados para determinar si son o no positivos. <\/p>\n<p>Sol\u00eds manifest\u00f3 que probablemente uno de los sospechosos ya hab\u00eda sido infestado de hanta en a\u00f1os anteriores, por lo que se presume que le haya aparecido nuevamente la enfermedad. <\/p>\n<p>Detall\u00f3 que uno de los sospechosos es un hombre, de 28 a\u00f1os de edad, quien present\u00f3 la sintomatolog\u00eda muy peculiar a las personas con hantavirus, por lo que se procedi\u00f3 a tomar las medidas de prevenci\u00f3n y se mantiene hospitalizado en Veraguas hasta que salga del cuadro de riesgo. <\/p>\n<p>\u00a0 <\/p>\n","protected":false},"excerpt":{"rendered":"<p>El Ministerio de Salud de la provincia de Veraguas investiga <a href=\"https:\/\/sertv.gob.pa\/nacionalfm\/investigan-2-casos-sospechosos-de-hantavirus-en-sona\/\"> [&#8230;]<\/a><\/p>\n","protected":false},"author":1,"featured_media":5066,"comment_status":"closed","ping_status":"closed","sticky":false,"template":"","format":"standard","meta":{"footnotes":""},"categories":[5],"tags":[],"class_list":["post-5065","post","type-post","status-publish","format-standard","has-post-thumbnail","hentry","category-salud"],"_links":{"self":[{"href":"https:\/\/sertv.gob.pa\/nacionalfm\/wp-json\/wp\/v2\/posts\/5065","targetHints":{"allow":["GET"]}}],"collection":[{"href":"https:\/\/sertv.gob.pa\/nacionalfm\/wp-json\/wp\/v2\/posts"}],"about":[{"href":"https:\/\/sertv.gob.pa\/nacionalfm\/wp-json\/wp\/v2\/types\/post"}],"author":[{"embeddable":true,"href":"https:\/\/sertv.gob.pa\/nacionalfm\/wp-json\/wp\/v2\/users\/1"}],"replies":[{"embeddable":true,"href":"https:\/\/sertv.gob.pa\/nacionalfm\/wp-json\/wp\/v2\/comments?post=5065"}],"version-history":[{"count":0,"href":"https:\/\/sertv.gob.pa\/nacionalfm\/wp-json\/wp\/v2\/posts\/5065\/revisions"}],"wp:featuredmedia":[{"embeddable":true,"href":"https:\/\/sertv.gob.pa\/nacionalfm\/wp-json\/wp\/v2\/media\/5066"}],"wp:attachment":[{"href":"https:\/\/sertv.gob.pa\/nacionalfm\/wp-json\/wp\/v2\/media?parent=5065"}],"wp:term":[{"taxonomy":"category","embeddable":true,"href":"https:\/\/sertv.gob.pa\/nacionalfm\/wp-json\/wp\/v2\/categories?post=5065"},{"taxonomy":"post_tag","embeddable":true,"href":"https:\/\/sertv.gob.pa\/nacionalfm\/wp-json\/wp\/v2\/tags?post=5065"}],"curies":[{"name":"wp","href":"https:\/\/api.w.org\/{rel}","templated":true}]}}