{"id":507,"date":"2014-07-24T05:00:00","date_gmt":"2014-07-24T05:00:00","guid":{"rendered":""},"modified":"2014-07-24T05:00:00","modified_gmt":"2014-07-24T05:00:00","slug":"primer-caso-local-del-virus-chikungunya","status":"publish","type":"post","link":"https:\/\/sertv.gob.pa\/nacionalfm\/primer-caso-local-del-virus-chikungunya\/","title":{"rendered":"Primer caso local del virus &#8216;Chikungunya&#8217;"},"content":{"rendered":"<p>\nEl primer caso local del  virus chikungunya,  en una ciudadana de Rep\u00fablica Dominicana y residente en el corregimiento de Calidonia, fue confirmado por el Ministerio de Salud (Minsa). <\/p>\n<p>Itza Barahona de Mosca, directora nacional de Salud, dio a conocer que los resultados de las pruebas fueron dados a conocer por el   Instituto Conmemorativo Gorgas de Estudios de la Salud (Icges)  , el 22 de julio, y que se trata de un caso reportado en el mes de mayo que se investig\u00f3 como sospechoso de dengue. <\/p>\n<p>Explic\u00f3 que desde la detecci\u00f3n del primer infectado del virus, en mayo pasado, ya se han confirmado 13 casos de la enfermedad, 12 de los cuales son importados. <\/p>\n<p>A\u00f1adi\u00f3 que en este momento se investigan otros dos posibles afectados y que todos los d\u00edas se reportan nuevas personas sospechosas con chikungunya. @nacionalFm <\/p>\n","protected":false},"excerpt":{"rendered":"<p>El primer caso local del virus chikungunya, en una ciudadana <a href=\"https:\/\/sertv.gob.pa\/nacionalfm\/primer-caso-local-del-virus-chikungunya\/\"> [&#8230;]<\/a><\/p>\n","protected":false},"author":1,"featured_media":508,"comment_status":"closed","ping_status":"closed","sticky":false,"template":"","format":"standard","meta":{"footnotes":""},"categories":[5],"tags":[],"class_list":["post-507","post","type-post","status-publish","format-standard","has-post-thumbnail","hentry","category-salud"],"_links":{"self":[{"href":"https:\/\/sertv.gob.pa\/nacionalfm\/wp-json\/wp\/v2\/posts\/507","targetHints":{"allow":["GET"]}}],"collection":[{"href":"https:\/\/sertv.gob.pa\/nacionalfm\/wp-json\/wp\/v2\/posts"}],"about":[{"href":"https:\/\/sertv.gob.pa\/nacionalfm\/wp-json\/wp\/v2\/types\/post"}],"author":[{"embeddable":true,"href":"https:\/\/sertv.gob.pa\/nacionalfm\/wp-json\/wp\/v2\/users\/1"}],"replies":[{"embeddable":true,"href":"https:\/\/sertv.gob.pa\/nacionalfm\/wp-json\/wp\/v2\/comments?post=507"}],"version-history":[{"count":0,"href":"https:\/\/sertv.gob.pa\/nacionalfm\/wp-json\/wp\/v2\/posts\/507\/revisions"}],"wp:featuredmedia":[{"embeddable":true,"href":"https:\/\/sertv.gob.pa\/nacionalfm\/wp-json\/wp\/v2\/media\/508"}],"wp:attachment":[{"href":"https:\/\/sertv.gob.pa\/nacionalfm\/wp-json\/wp\/v2\/media?parent=507"}],"wp:term":[{"taxonomy":"category","embeddable":true,"href":"https:\/\/sertv.gob.pa\/nacionalfm\/wp-json\/wp\/v2\/categories?post=507"},{"taxonomy":"post_tag","embeddable":true,"href":"https:\/\/sertv.gob.pa\/nacionalfm\/wp-json\/wp\/v2\/tags?post=507"}],"curies":[{"name":"wp","href":"https:\/\/api.w.org\/{rel}","templated":true}]}}