{"id":50887,"date":"2020-03-06T20:09:09","date_gmt":"2020-03-06T20:09:09","guid":{"rendered":"https:\/\/sertv.gob.pa\/nacionalfm\/?p=50887"},"modified":"2020-03-06T20:09:09","modified_gmt":"2020-03-06T20:09:09","slug":"autoridades-educativas-anuncian-inicio-de-clases-del-instituto-fermin-naudeau-para-el-lunes-9-de-marzo","status":"publish","type":"post","link":"https:\/\/sertv.gob.pa\/nacionalfm\/autoridades-educativas-anuncian-inicio-de-clases-del-instituto-fermin-naudeau-para-el-lunes-9-de-marzo\/","title":{"rendered":"Autoridades educativas anuncian inicio de clases del Instituto Ferm\u00edn Naudeau, para el lunes, 9 de marzo"},"content":{"rendered":"<p><strong><em>Las autoridades del Ministerio de Educaci\u00f3n de la Rep\u00fablica de Panam\u00e1, a trav\u00e9s de nota han dado a conocer lo siguiente:<\/em><\/strong><\/p>\n<p><strong><em><br \/>\n<\/em><\/strong>El Ministerio de Educaci\u00f3n anuncia a la \u00a0comunidad educativa que el pr\u00f3ximo lunes, 9 de marzo, se inician las clases en el Instituto Ferm\u00edn Naudeau, por lo que se recomienda a los padres de familia que env\u00eden a sus acudidos a clases.<\/p>\n<p>Esta semana, cuadrillas de mantenimiento y personal de apoyo, iniciaron una limpieza general en todas las instalaciones nuevas y aquellas que fueron rehabilitadas.<\/p>\n<p>Para el programa de rehabilitaci\u00f3n y construcci\u00f3n, el Ministerio de Educaci\u00f3n destin\u00f3 una partida de 8.4 millones de balboas. Estos trabajos deber\u00e1n terminar a mediados de a\u00f1o.<\/p>\n<p>El Instituto Ferm\u00edn Naudeau registra una matr\u00edcula de dos mil 800 estudiantes, que esperan que los docentes acudan al llamado del inicio del a\u00f1o escolar en el plantel, realizado por el Ministerio de Educaci\u00f3n.<\/p>\n<p>Los dirigentes estudiantiles Lis Arrocha y Jonathan Quiel expresaron su satisfacci\u00f3n por el anuncio y solicitan a sus compa\u00f1eros iniciar con \u00a0entusiasmo el a\u00f1o lectivo 2020.<\/p>\n<p>&nbsp;<\/p>\n","protected":false},"excerpt":{"rendered":"<p>Las autoridades del Ministerio de Educaci\u00f3n de la Rep\u00fablica de <a href=\"https:\/\/sertv.gob.pa\/nacionalfm\/autoridades-educativas-anuncian-inicio-de-clases-del-instituto-fermin-naudeau-para-el-lunes-9-de-marzo\/\"> [&#8230;]<\/a><\/p>\n","protected":false},"author":9,"featured_media":50888,"comment_status":"closed","ping_status":"closed","sticky":false,"template":"","format":"standard","meta":{"footnotes":""},"categories":[2],"tags":[],"class_list":["post-50887","post","type-post","status-publish","format-standard","has-post-thumbnail","hentry","category-nacionales"],"_links":{"self":[{"href":"https:\/\/sertv.gob.pa\/nacionalfm\/wp-json\/wp\/v2\/posts\/50887","targetHints":{"allow":["GET"]}}],"collection":[{"href":"https:\/\/sertv.gob.pa\/nacionalfm\/wp-json\/wp\/v2\/posts"}],"about":[{"href":"https:\/\/sertv.gob.pa\/nacionalfm\/wp-json\/wp\/v2\/types\/post"}],"author":[{"embeddable":true,"href":"https:\/\/sertv.gob.pa\/nacionalfm\/wp-json\/wp\/v2\/users\/9"}],"replies":[{"embeddable":true,"href":"https:\/\/sertv.gob.pa\/nacionalfm\/wp-json\/wp\/v2\/comments?post=50887"}],"version-history":[{"count":1,"href":"https:\/\/sertv.gob.pa\/nacionalfm\/wp-json\/wp\/v2\/posts\/50887\/revisions"}],"predecessor-version":[{"id":50893,"href":"https:\/\/sertv.gob.pa\/nacionalfm\/wp-json\/wp\/v2\/posts\/50887\/revisions\/50893"}],"wp:featuredmedia":[{"embeddable":true,"href":"https:\/\/sertv.gob.pa\/nacionalfm\/wp-json\/wp\/v2\/media\/50888"}],"wp:attachment":[{"href":"https:\/\/sertv.gob.pa\/nacionalfm\/wp-json\/wp\/v2\/media?parent=50887"}],"wp:term":[{"taxonomy":"category","embeddable":true,"href":"https:\/\/sertv.gob.pa\/nacionalfm\/wp-json\/wp\/v2\/categories?post=50887"},{"taxonomy":"post_tag","embeddable":true,"href":"https:\/\/sertv.gob.pa\/nacionalfm\/wp-json\/wp\/v2\/tags?post=50887"}],"curies":[{"name":"wp","href":"https:\/\/api.w.org\/{rel}","templated":true}]}}