{"id":5093,"date":"2015-04-15T19:13:26","date_gmt":"2015-04-15T19:13:26","guid":{"rendered":""},"modified":"2015-04-15T19:13:26","modified_gmt":"2015-04-15T19:13:26","slug":"diabetes-gestacional-puede-aumentar-riesgo-de-autismo-en-bebe","status":"publish","type":"post","link":"https:\/\/sertv.gob.pa\/nacionalfm\/diabetes-gestacional-puede-aumentar-riesgo-de-autismo-en-bebe\/","title":{"rendered":"Diabetes gestacional puede aumentar riesgo de autismo en beb\u00e9"},"content":{"rendered":"\n<p>La diabetes gestacional antes de las 26 semanas de embarazo incrementa el peligro de que el beb\u00e9 desarrolle autismo, seg\u00fan un estudio publicado por la revista JAMA Internal Medicine, de la Asociaci\u00f3n M\u00e9dica de Estados Unidos. \u00a0\u00abLas investigaciones futuras deber\u00edan abordar si la diagnosis temprana y el tratamiento de la diabetes en el embarazo pueden reducir el riesgo de autismo\u00bb, expres\u00f3 el autor principal Anny Xiang, del consorcio m\u00e9dico Kaiser Permanente Southern California (EEUU). <\/p>\n<p>La diabetes gestacional es un tipo de diabetes que se desarrolla o se detecta durante el embarazo, con una prevalencia del 9,2 % seg\u00fan los Centros para el Control y Prevenci\u00f3n de enfermedades de Estados Unidos (CDC, por su sigla en ingl\u00e9s). <\/p>\n<p>El estudio determin\u00f3 que los ni\u00f1os cuyas madres desarrollaron diabetes gestacional luego de las 26 semanas de embarazo no tienen m\u00e1s riesgo de desarrollar autismo que los ni\u00f1os cuyas madres no tienen diabetes o diabetes gestacional. <\/p>\n<p>Para realizar la investigaci\u00f3n se analizaron los informes m\u00e9dicos de 322.000 ni\u00f1os nacidos en el Kaiser Permanente Southern California Medical Centers entre enero de 1995 y diciembre de 2009. <\/p>\n<p>Los cient\u00edficos descubrieron que, si el feto est\u00e1 expuesto a la diabetes gestacional antes de la semana 26 de embarazo, existe un 42 % m\u00e1s de riesgo de que el ni\u00f1o desarrolle autismo. <\/p>\n<p>Los autores precisan que se trata de un estudio observacional, es decir, que revela una relaci\u00f3n entre la diabetes gestacional y el riesgo de que el ni\u00f1o desarrolle autismo, m\u00e1s que describir una relaci\u00f3n de causa-efecto. \u00a0\u00abNuestro estudio tambi\u00e9n sugiere que deber\u00edan garantizarse los ex\u00e1menes tempranos de autismo a los ni\u00f1os de mujeres a las que se les detect\u00f3 diabetes gestacional antes de las 26 semanas de embarazo\u00bb, explic\u00f3 otro de los autores de la investigaci\u00f3n, Edward Curry, del Kaiser Permanente Fontana Medical Center. <\/p>\n","protected":false},"excerpt":{"rendered":"<p>La diabetes gestacional antes de las 26 semanas de embarazo <a href=\"https:\/\/sertv.gob.pa\/nacionalfm\/diabetes-gestacional-puede-aumentar-riesgo-de-autismo-en-bebe\/\"> [&#8230;]<\/a><\/p>\n","protected":false},"author":1,"featured_media":5094,"comment_status":"closed","ping_status":"closed","sticky":false,"template":"","format":"standard","meta":{"footnotes":""},"categories":[5],"tags":[],"class_list":["post-5093","post","type-post","status-publish","format-standard","has-post-thumbnail","hentry","category-salud"],"_links":{"self":[{"href":"https:\/\/sertv.gob.pa\/nacionalfm\/wp-json\/wp\/v2\/posts\/5093","targetHints":{"allow":["GET"]}}],"collection":[{"href":"https:\/\/sertv.gob.pa\/nacionalfm\/wp-json\/wp\/v2\/posts"}],"about":[{"href":"https:\/\/sertv.gob.pa\/nacionalfm\/wp-json\/wp\/v2\/types\/post"}],"author":[{"embeddable":true,"href":"https:\/\/sertv.gob.pa\/nacionalfm\/wp-json\/wp\/v2\/users\/1"}],"replies":[{"embeddable":true,"href":"https:\/\/sertv.gob.pa\/nacionalfm\/wp-json\/wp\/v2\/comments?post=5093"}],"version-history":[{"count":0,"href":"https:\/\/sertv.gob.pa\/nacionalfm\/wp-json\/wp\/v2\/posts\/5093\/revisions"}],"wp:featuredmedia":[{"embeddable":true,"href":"https:\/\/sertv.gob.pa\/nacionalfm\/wp-json\/wp\/v2\/media\/5094"}],"wp:attachment":[{"href":"https:\/\/sertv.gob.pa\/nacionalfm\/wp-json\/wp\/v2\/media?parent=5093"}],"wp:term":[{"taxonomy":"category","embeddable":true,"href":"https:\/\/sertv.gob.pa\/nacionalfm\/wp-json\/wp\/v2\/categories?post=5093"},{"taxonomy":"post_tag","embeddable":true,"href":"https:\/\/sertv.gob.pa\/nacionalfm\/wp-json\/wp\/v2\/tags?post=5093"}],"curies":[{"name":"wp","href":"https:\/\/api.w.org\/{rel}","templated":true}]}}